{"id":2298,"date":"2026-04-09T15:15:41","date_gmt":"2026-04-09T13:15:41","guid":{"rendered":"https:\/\/eatliftlive.com\/?p=2298"},"modified":"2026-04-09T15:15:50","modified_gmt":"2026-04-09T13:15:50","slug":"pascua-ortodoxa-cuando-la-tradicion-se-sirve-en-la-mesa","status":"publish","type":"post","link":"https:\/\/eatliftlive.com\/en\/2026\/04\/09\/pascua-ortodoxa-cuando-la-tradicion-se-sirve-en-la-mesa\/","title":{"rendered":"Orthodox Easter: when tradition is served at the table"},"content":{"rendered":"<p class=\"translation-block\">There are celebrations that need no grand speeches to justify their existence. Orthodox Christian Easter is one of them. It arrives each year with the same serenity as a candle being lit: unhurried, quiet, yet carrying a light that transforms the space.\nIt is a feast where spirituality is not proclaimed; it is cooked. Where faith is not displayed; it is shared. And where memory is passed on, as always, around a table.<\/p>\n<div class=\"text-center\"><div class=\"is-divider divider clearfix\" style=\"max-width:250px;\"><\/div><\/div>\n\n\n\t<section class=\"section\" id=\"section_1820984533\">\n\t\t<div class=\"section-bg fill\" >\n\t\t\t\t\t\t\t\t\t<div class=\"section-bg-overlay absolute fill\"><\/div>\n\t\t\t\n\n\t\t<\/div>\n\n\t\t\n\n\t\t<div class=\"section-content relative\">\n\t\t\t\n\n<div class=\"row row-large align-middle\"  id=\"row-1491583260\">\n\n\n\t<div id=\"col-1461756340\" class=\"col medium-6 small-12 large-6\"  >\n\t\t\t\t<div class=\"col-inner text-left\"  >\n\t\t\t\n\t\t\t\n\n<h2><!--StartFragment --><\/h2>\n<h2>The drob: a ritual sliced in silence<\/h2>\n<p class=\"translation-block\">The drob is not a dish; it is a declaration of continuity.\nA savory loaf of lamb, fresh herbs, and boiled eggs, it is the kind of recipe that survives trends, shortcuts, and unnecessary reinterpretations. Its flavor is deep, green, almost pastoral.\nIt represents that moment when the family gathers again after the fast, when body and spirit ask for more than food: they ask for belonging.<\/p>\n<h2><!--EndFragment --><\/h2>\n\n\t\t<\/div>\n\t\t\t\t\t<\/div>\n\n\t\n\n\t<div id=\"col-661306613\" class=\"col medium-6 small-12 large-6\"  >\n\t\t\t\t<div class=\"col-inner\"  >\n\t\t\t\n\t\t\t\n\n\t<div class=\"img has-hover x md-x lg-x y md-y lg-y\" id=\"image_1364939995\">\n\t\t\t\t\t\t\t\t<div class=\"img-inner image-cover dark\" style=\"padding-top:100%;\">\n\t\t\t<img loading=\"lazy\" decoding=\"async\" width=\"600\" height=\"800\" src=\"https:\/\/i0.wp.com\/eatliftlive.com\/wp-content\/uploads\/2026\/04\/IMG_1373.jpeg?fit=600%2C800&amp;ssl=1\" class=\"attachment-large size-large\" alt=\"\" srcset=\"https:\/\/i0.wp.com\/eatliftlive.com\/wp-content\/uploads\/2026\/04\/IMG_1373.jpeg?w=1536&amp;ssl=1 1536w, https:\/\/i0.wp.com\/eatliftlive.com\/wp-content\/uploads\/2026\/04\/IMG_1373.jpeg?resize=300%2C400&amp;ssl=1 300w, https:\/\/i0.wp.com\/eatliftlive.com\/wp-content\/uploads\/2026\/04\/IMG_1373.jpeg?resize=600%2C800&amp;ssl=1 600w, https:\/\/i0.wp.com\/eatliftlive.com\/wp-content\/uploads\/2026\/04\/IMG_1373.jpeg?resize=768%2C1024&amp;ssl=1 768w, https:\/\/i0.wp.com\/eatliftlive.com\/wp-content\/uploads\/2026\/04\/IMG_1373.jpeg?resize=1152%2C1536&amp;ssl=1 1152w, https:\/\/i0.wp.com\/eatliftlive.com\/wp-content\/uploads\/2026\/04\/IMG_1373.jpeg?resize=9%2C12&amp;ssl=1 9w, https:\/\/i0.wp.com\/eatliftlive.com\/wp-content\/uploads\/2026\/04\/IMG_1373.jpeg?resize=1320%2C1760&amp;ssl=1 1320w\" sizes=\"auto, (max-width: 600px) 100vw, 600px\" data-attachment-id=\"2305\" data-permalink=\"https:\/\/eatliftlive.com\/en\/2026\/04\/09\/pascua-ortodoxa-cuando-la-tradicion-se-sirve-en-la-mesa\/img_1373\/#main\" data-orig-file=\"https:\/\/i0.wp.com\/eatliftlive.com\/wp-content\/uploads\/2026\/04\/IMG_1373.jpeg?fit=1536%2C2048&amp;ssl=1\" data-orig-size=\"1536,2048\" data-comments-opened=\"0\" data-image-meta=\"{&quot;aperture&quot;:&quot;2.2&quot;,&quot;credit&quot;:&quot;&quot;,&quot;camera&quot;:&quot;iPhone 17 Pro&quot;,&quot;caption&quot;:&quot;&quot;,&quot;created_timestamp&quot;:&quot;1775740586&quot;,&quot;copyright&quot;:&quot;&quot;,&quot;focal_length&quot;:&quot;2.2200000286119&quot;,&quot;iso&quot;:&quot;320&quot;,&quot;shutter_speed&quot;:&quot;0.010204081632653&quot;,&quot;title&quot;:&quot;&quot;,&quot;orientation&quot;:&quot;0&quot;}\" data-image-title=\"IMG_1373\" data-image-description=\"\" data-image-caption=\"\" data-large-file=\"https:\/\/i0.wp.com\/eatliftlive.com\/wp-content\/uploads\/2026\/04\/IMG_1373.jpeg?fit=600%2C800&amp;ssl=1\" \/>\t\t\t\t\t\t\n\t\t\t\t\t<\/div>\n\t\t\t\t\t\t\t\t\n<style>\n#image_1364939995 {\n  width: 100%;\n}\n<\/style>\n\t<\/div>\n\t\n\n\n\t\t<\/div>\n\t\t\t\t\t<\/div>\n\n\t\n\n<\/div>\n\n\t\t<\/div>\n\n\t\t\n<style>\n#section_1820984533 {\n  padding-top: 60px;\n  padding-bottom: 60px;\n  background-color: rgb(193, 193, 193);\n}\n#section_1820984533 .section-bg-overlay {\n  background-color: rgba(255, 255, 255, 0.85);\n}\n<\/style>\n\t<\/section>\n\t\n<div class=\"text-center\"><div class=\"is-divider divider clearfix\" style=\"max-width:250px;\"><\/div><\/div>\n\n\n\t<section class=\"section\" id=\"section_49277989\">\n\t\t<div class=\"section-bg fill\" >\n\t\t\t\t\t\t\t\t\t<div class=\"section-bg-overlay absolute fill\"><\/div>\n\t\t\t\n\n\t\t<\/div>\n\n\t\t\n\n\t\t<div class=\"section-content relative\">\n\t\t\t\n\n<div class=\"row row-large align-middle\"  id=\"row-1877082546\">\n\n\n\t<div id=\"col-768358382\" class=\"col medium-6 small-12 large-6\"  >\n\t\t\t\t<div class=\"col-inner\"  >\n\t\t\t\n\t\t\t\n\n\t<div class=\"img has-hover x md-x lg-x y md-y lg-y\" id=\"image_451749253\">\n\t\t\t\t\t\t\t\t<div class=\"img-inner image-cover dark\" style=\"padding-top:100%;\">\n\t\t\t<img loading=\"lazy\" decoding=\"async\" width=\"300\" height=\"400\" src=\"https:\/\/i0.wp.com\/eatliftlive.com\/wp-content\/uploads\/2026\/04\/IMG_1365-1.webp?fit=300%2C400&amp;ssl=1\" class=\"attachment-medium size-medium\" alt=\"\" srcset=\"https:\/\/i0.wp.com\/eatliftlive.com\/wp-content\/uploads\/2026\/04\/IMG_1365-1.webp?w=900&amp;ssl=1 900w, https:\/\/i0.wp.com\/eatliftlive.com\/wp-content\/uploads\/2026\/04\/IMG_1365-1.webp?resize=300%2C400&amp;ssl=1 300w, https:\/\/i0.wp.com\/eatliftlive.com\/wp-content\/uploads\/2026\/04\/IMG_1365-1.webp?resize=600%2C800&amp;ssl=1 600w, https:\/\/i0.wp.com\/eatliftlive.com\/wp-content\/uploads\/2026\/04\/IMG_1365-1.webp?resize=768%2C1024&amp;ssl=1 768w, https:\/\/i0.wp.com\/eatliftlive.com\/wp-content\/uploads\/2026\/04\/IMG_1365-1.webp?resize=9%2C12&amp;ssl=1 9w\" sizes=\"auto, (max-width: 300px) 100vw, 300px\" data-attachment-id=\"2306\" data-permalink=\"https:\/\/eatliftlive.com\/en\/2026\/04\/09\/pascua-ortodoxa-cuando-la-tradicion-se-sirve-en-la-mesa\/img_1365-2\/#main\" data-orig-file=\"https:\/\/i0.wp.com\/eatliftlive.com\/wp-content\/uploads\/2026\/04\/IMG_1365-1.webp?fit=900%2C1200&amp;ssl=1\" data-orig-size=\"900,1200\" data-comments-opened=\"0\" data-image-meta=\"{&quot;aperture&quot;:&quot;0&quot;,&quot;credit&quot;:&quot;&quot;,&quot;camera&quot;:&quot;&quot;,&quot;caption&quot;:&quot;&quot;,&quot;created_timestamp&quot;:&quot;0&quot;,&quot;copyright&quot;:&quot;&quot;,&quot;focal_length&quot;:&quot;0&quot;,&quot;iso&quot;:&quot;0&quot;,&quot;shutter_speed&quot;:&quot;0&quot;,&quot;title&quot;:&quot;&quot;,&quot;orientation&quot;:&quot;0&quot;}\" data-image-title=\"IMG_1365\" data-image-description=\"\" data-image-caption=\"\" data-large-file=\"https:\/\/i0.wp.com\/eatliftlive.com\/wp-content\/uploads\/2026\/04\/IMG_1365-1.webp?fit=600%2C800&amp;ssl=1\" \/>\t\t\t\t\t\t\n\t\t\t\t\t<\/div>\n\t\t\t\t\t\t\t\t\n<style>\n#image_451749253 {\n  width: 100%;\n}\n<\/style>\n\t<\/div>\n\t\n\n\n\t\t<\/div>\n\t\t\t\t\t<\/div>\n\n\t\n\n\t<div id=\"col-742442357\" class=\"col medium-6 small-12 large-6\"  >\n\t\t\t\t<div class=\"col-inner text-left\"  >\n\t\t\t\n\t\t\t\n\n<h2><!--StartFragment --><\/h2>\n<h2>Painted eggs: the aesthetics of faith<\/h2>\n<p class=\"translation-block\">Painting eggs is one of those gestures that seem simple\u2014until you understand them.\nThe traditional red symbolizes life, sacrifice, rebirth. But every family adds its own visual language: leaves that leave their imprint, improvised patterns, wax tracing domestic constellations.\nThe first egg, the ou ro\u0219u, is kept as an amulet. Not out of superstition, but out of that human need\u2014as old as Easter itself\u2014to believe that beauty, too, can protect.<\/p>\n<h2><!--EndFragment --><\/h2>\n\n\t\t<\/div>\n\t\t\t\t\t<\/div>\n\n\t\n\n<\/div>\n\n\t\t<\/div>\n\n\t\t\n<style>\n#section_49277989 {\n  padding-top: 60px;\n  padding-bottom: 60px;\n  background-color: rgb(193, 193, 193);\n}\n#section_49277989 .section-bg-overlay {\n  background-color: rgba(255, 255, 255, 0.85);\n}\n<\/style>\n\t<\/section>\n\t\n<div class=\"text-center\"><div class=\"is-divider divider clearfix\" style=\"max-width:250px;\"><\/div><\/div>\n\n<p><!--StartFragment --><\/p>\n<h2>Cozonac: the sweetness that marks the return<\/h2>\n<p class=\"translation-block\">The cozonac is the perfect finale: braided, aromatic, generous.\nIts soft, airy dough\u2014perfumed with vanilla, citrus, or rum\u2014holds within it walnuts, cocoa, raisins, or poppy seeds. It is a bread not eaten out of hunger, but out of gratitude.\nIt is the reminder that after the silence of fasting comes abundance. After the waiting, celebration. After introspection, a table filled once again.<\/p>\n<p><!--EndFragment --><\/p>\n<div class=\"text-center\"><div class=\"is-divider divider clearfix\" style=\"max-width:250px;\"><\/div><\/div>\n\n<p><!--StartFragment --><\/p>\n<p class=\"translation-block\">Orthodox Easter does not need embellishment to move us. It lives in the details: in the sound of the knife slicing through the drob, in fingers stained with red dye, in the aroma of cozonac filling the house before anyone has the chance to say \u201cHristos a \u00eenviat.\u201d\nIt is a tradition that does not modernize because it doesn\u2019t need to.\nIt remains alive because it continues to fulfill its essential purpose: reminding us who we are when we sit together.<\/p>\n<p><span style=\"font-size: 110%;\"><strong>Hristos a \u00eenviat!<\/strong><\/span><\/p>\n<p><!--EndFragment --><\/p>","protected":false},"excerpt":{"rendered":"","protected":false},"author":271924636,"featured_media":2299,"comment_status":"closed","ping_status":"open","sticky":false,"template":"","format":"standard","meta":{"om_disable_all_campaigns":false,"_jetpack_newsletter_access":"","_jetpack_dont_email_post_to_subs":false,"_jetpack_newsletter_tier_id":0,"_jetpack_memberships_contains_paywalled_content":false,"_jetpack_memberships_contains_paid_content":false,"footnotes":"","jetpack_publicize_message":"","jetpack_publicize_feature_enabled":true,"jetpack_social_post_already_shared":true,"jetpack_social_options":{"image_generator_settings":{"template":"highway","default_image_id":0,"font":"","enabled":false},"version":2},"jetpack_post_was_ever_published":false},"categories":[1416],"tags":[],"class_list":["post-2298","post","type-post","status-publish","format-standard","has-post-thumbnail","hentry","category-estilo-de-vida"],"jetpack_publicize_connections":[],"jetpack_featured_media_url":"https:\/\/i0.wp.com\/eatliftlive.com\/wp-content\/uploads\/2026\/04\/pascuas.webp?fit=1000%2C1000&ssl=1","jetpack_sharing_enabled":true,"jetpack_shortlink":"https:\/\/wp.me\/pgPR8T-B4","jetpack-related-posts":[{"id":2080,"url":"https:\/\/eatliftlive.com\/en\/2026\/02\/14\/%f0%9f%92%9dsan-valentin-cuando-el-amor-se-sirve-en-la-mesa-y-se-celebra-en-todas-las-culturas\/","url_meta":{"origin":2298,"position":0},"title":"\ud83d\udc9dSan Valent\u00edn: cuando el amor se sirve en la mesa y se celebra en todas las culturas","author":"Chef Owl","date":"14 de February de 2026","format":false,"excerpt":"Cada 14 de febrero, el mundo entero parece detenerse un instante para rendir homenaje a un sentimiento tan antiguo como la humanidad: el amor. Lo curioso es que, aunque la fecha tiene ra\u00edces hist\u00f3ricas y religiosas, su impacto actual va mucho m\u00e1s all\u00e1 de lo rom\u00e1ntico. San Valent\u00edn se ha\u2026","rel":"","context":"In &quot;Eventos&quot;","block_context":{"text":"Eventos","link":"https:\/\/eatliftlive.com\/en\/category\/eventos\/"},"img":{"alt_text":"","src":"https:\/\/i0.wp.com\/eatliftlive.com\/wp-content\/uploads\/2026\/01\/corazon-manos.webp?fit=1200%2C658&ssl=1&resize=350%2C200","width":350,"height":200,"srcset":"https:\/\/i0.wp.com\/eatliftlive.com\/wp-content\/uploads\/2026\/01\/corazon-manos.webp?fit=1200%2C658&ssl=1&resize=350%2C200 1x, https:\/\/i0.wp.com\/eatliftlive.com\/wp-content\/uploads\/2026\/01\/corazon-manos.webp?fit=1200%2C658&ssl=1&resize=525%2C300 1.5x, https:\/\/i0.wp.com\/eatliftlive.com\/wp-content\/uploads\/2026\/01\/corazon-manos.webp?fit=1200%2C658&ssl=1&resize=700%2C400 2x, https:\/\/i0.wp.com\/eatliftlive.com\/wp-content\/uploads\/2026\/01\/corazon-manos.webp?fit=1200%2C658&ssl=1&resize=1050%2C600 3x"},"classes":[]},{"id":2234,"url":"https:\/\/eatliftlive.com\/en\/2026\/03\/11\/%e2%9c%a8eatliftlive-abre-su-tienda-diseno-movimiento-y-ritual-para-cada-dia\/","url_meta":{"origin":2298,"position":1},"title":"\u2728 EatLiftLive\u00ae opens its store: design, movement, and ritual for every day","author":"Chef Owl","date":"11 de March de 2026","format":false,"excerpt":"Hemos inaugurado la tienda EatLiftLive\u00ae, un espacio creado para quienes quieren vivir con intenci\u00f3n, moverse con prop\u00f3sito y rodearse de objetos que acompa\u00f1an una vida m\u00e1s clara, m\u00e1s fuerte y m\u00e1s bella. No es solo una tienda.Es la evoluci\u00f3n natural de una filosof\u00eda. Durante meses hemos construido una identidad que\u2026","rel":"","context":"In &quot;Comunidad EatLiftLive&quot;","block_context":{"text":"Comunidad EatLiftLive","link":"https:\/\/eatliftlive.com\/en\/category\/bienvenidos-a-eatliftlive\/"},"img":{"alt_text":"","src":"https:\/\/i0.wp.com\/eatliftlive.com\/wp-content\/uploads\/2026\/03\/cortina-ducha.jpg?fit=1200%2C1200&ssl=1&resize=350%2C200","width":350,"height":200,"srcset":"https:\/\/i0.wp.com\/eatliftlive.com\/wp-content\/uploads\/2026\/03\/cortina-ducha.jpg?fit=1200%2C1200&ssl=1&resize=350%2C200 1x, https:\/\/i0.wp.com\/eatliftlive.com\/wp-content\/uploads\/2026\/03\/cortina-ducha.jpg?fit=1200%2C1200&ssl=1&resize=525%2C300 1.5x, https:\/\/i0.wp.com\/eatliftlive.com\/wp-content\/uploads\/2026\/03\/cortina-ducha.jpg?fit=1200%2C1200&ssl=1&resize=700%2C400 2x, https:\/\/i0.wp.com\/eatliftlive.com\/wp-content\/uploads\/2026\/03\/cortina-ducha.jpg?fit=1200%2C1200&ssl=1&resize=1050%2C600 3x"},"classes":[]},{"id":2045,"url":"https:\/\/eatliftlive.com\/en\/2026\/02\/03\/horeca-mallorca-2026-la-cita-clave-para-la-hosteleria-balear\/","url_meta":{"origin":2298,"position":2},"title":"HORECA Mallorca 2026: la cita clave para la hosteler\u00eda balear","author":"Chef Owl","date":"3 de February de 2026","format":false,"excerpt":"HORECA Mallorca 2026: la cita clave para la hosteler\u00eda balear \u00a0 \u00a0 \u00a0HORECA Mallorca 2026 vuelve a convertir Palma en el gran punto de encuentro anual para profesionales de la hosteler\u00eda, la restauraci\u00f3n y el catering en las Islas Baleares. La feria celebrar\u00e1 su novena edici\u00f3n del 9 al 11\u2026","rel":"","context":"In &quot;Eventos&quot;","block_context":{"text":"Eventos","link":"https:\/\/eatliftlive.com\/en\/category\/eventos\/"},"img":{"alt_text":"","src":"https:\/\/i0.wp.com\/eatliftlive.com\/wp-content\/uploads\/2026\/02\/Horeca-foto.jpg?fit=1080%2C607&ssl=1&resize=350%2C200","width":350,"height":200,"srcset":"https:\/\/i0.wp.com\/eatliftlive.com\/wp-content\/uploads\/2026\/02\/Horeca-foto.jpg?fit=1080%2C607&ssl=1&resize=350%2C200 1x, https:\/\/i0.wp.com\/eatliftlive.com\/wp-content\/uploads\/2026\/02\/Horeca-foto.jpg?fit=1080%2C607&ssl=1&resize=525%2C300 1.5x, https:\/\/i0.wp.com\/eatliftlive.com\/wp-content\/uploads\/2026\/02\/Horeca-foto.jpg?fit=1080%2C607&ssl=1&resize=700%2C400 2x, https:\/\/i0.wp.com\/eatliftlive.com\/wp-content\/uploads\/2026\/02\/Horeca-foto.jpg?fit=1080%2C607&ssl=1&resize=1050%2C600 3x"},"classes":[]},{"id":2246,"url":"https:\/\/eatliftlive.com\/en\/2026\/03\/14\/%f0%9f%ab%92la-dieta-mediterranea-sin-folclore-volver-a-la-esencia-real\/","url_meta":{"origin":2298,"position":3},"title":"\ud83e\uded2 The Mediterranean Diet Without Folklore: Returning to the Real Essence","author":"Chef Owl","date":"14 de March de 2026","format":false,"excerpt":"La dieta mediterr\u00e1nea no naci\u00f3 en Instagram, ni en un documental de Netflix, ni en un folleto tur\u00edstico que promete longevidad a cambio de una ensalada con feta. Naci\u00f3 en la vida real: en manos curtidas, en cocinas peque\u00f1as, en mercados que ol\u00edan a mar y a tierra.Con el tiempo,\u2026","rel":"","context":"In &quot;Estilo de vida&quot;","block_context":{"text":"Estilo de vida","link":"https:\/\/eatliftlive.com\/en\/category\/estilo-de-vida\/"},"img":{"alt_text":"","src":"https:\/\/i0.wp.com\/eatliftlive.com\/wp-content\/uploads\/2026\/03\/casa-tred.webp?fit=1000%2C560&ssl=1&resize=350%2C200","width":350,"height":200,"srcset":"https:\/\/i0.wp.com\/eatliftlive.com\/wp-content\/uploads\/2026\/03\/casa-tred.webp?fit=1000%2C560&ssl=1&resize=350%2C200 1x, https:\/\/i0.wp.com\/eatliftlive.com\/wp-content\/uploads\/2026\/03\/casa-tred.webp?fit=1000%2C560&ssl=1&resize=525%2C300 1.5x, https:\/\/i0.wp.com\/eatliftlive.com\/wp-content\/uploads\/2026\/03\/casa-tred.webp?fit=1000%2C560&ssl=1&resize=700%2C400 2x"},"classes":[]},{"id":2268,"url":"https:\/\/eatliftlive.com\/en\/2026\/03\/21\/%f0%9f%92%aa-entrenar-despues-de-los-45-el-arte-de-sostenerse-bien\/","url_meta":{"origin":2298,"position":4},"title":"\ud83d\udcaa Training After 45: The Art of Holding Yourself Well","author":"Chef Owl","date":"21 de March de 2026","format":false,"excerpt":"Hay un punto en la vida \u2014normalmente alrededor de los 45\u2014 en el que el cuerpo deja de pedir velocidad y empieza a pedir coherencia. Ya no se trata de competir, sino de sostener. De acompa\u00f1ar. De vivir con intenci\u00f3n.En EatLiftLive\u00ae creemos que entrenar a partir de esta edad no\u2026","rel":"","context":"In &quot;Estilo de vida&quot;","block_context":{"text":"Estilo de vida","link":"https:\/\/eatliftlive.com\/en\/category\/estilo-de-vida\/"},"img":{"alt_text":"","src":"https:\/\/i0.wp.com\/eatliftlive.com\/wp-content\/uploads\/2026\/03\/entrenar-45.webp?fit=1200%2C648&ssl=1&resize=350%2C200","width":350,"height":200,"srcset":"https:\/\/i0.wp.com\/eatliftlive.com\/wp-content\/uploads\/2026\/03\/entrenar-45.webp?fit=1200%2C648&ssl=1&resize=350%2C200 1x, https:\/\/i0.wp.com\/eatliftlive.com\/wp-content\/uploads\/2026\/03\/entrenar-45.webp?fit=1200%2C648&ssl=1&resize=525%2C300 1.5x, https:\/\/i0.wp.com\/eatliftlive.com\/wp-content\/uploads\/2026\/03\/entrenar-45.webp?fit=1200%2C648&ssl=1&resize=700%2C400 2x, https:\/\/i0.wp.com\/eatliftlive.com\/wp-content\/uploads\/2026\/03\/entrenar-45.webp?fit=1200%2C648&ssl=1&resize=1050%2C600 3x"},"classes":[]},{"id":2190,"url":"https:\/\/eatliftlive.com\/en\/2026\/02\/28\/%f0%9f%8c%9e-palma-en-fiesta-cuando-el-verano-se-sirve-en-bandeja-de-oro\/","url_meta":{"origin":2298,"position":5},"title":"\ud83c\udf1e Palma en fiesta: cuando el verano se sirve en bandeja de oro","author":"Chef Owl","date":"28 de February de 2026","format":false,"excerpt":"Hay d\u00edas en los que Palma no solo brilla: desborda vida. Dies de les Illes\u00a0 han vuelto a encender la ciudad, y este a\u00f1o lo han hecho con una intensidad casi mediterr\u00e1neamente exagerada: luz perfecta, brisa suave, aromas que se mezclan en el aire como si compitieran por tu atenci\u00f3n,\u2026","rel":"","context":"In &quot;Eventos&quot;","block_context":{"text":"Eventos","link":"https:\/\/eatliftlive.com\/en\/category\/eventos\/"},"img":{"alt_text":"","src":"https:\/\/i0.wp.com\/eatliftlive.com\/wp-content\/uploads\/2026\/02\/IMG_1092.webp?fit=1200%2C900&ssl=1&resize=350%2C200","width":350,"height":200,"srcset":"https:\/\/i0.wp.com\/eatliftlive.com\/wp-content\/uploads\/2026\/02\/IMG_1092.webp?fit=1200%2C900&ssl=1&resize=350%2C200 1x, https:\/\/i0.wp.com\/eatliftlive.com\/wp-content\/uploads\/2026\/02\/IMG_1092.webp?fit=1200%2C900&ssl=1&resize=525%2C300 1.5x, https:\/\/i0.wp.com\/eatliftlive.com\/wp-content\/uploads\/2026\/02\/IMG_1092.webp?fit=1200%2C900&ssl=1&resize=700%2C400 2x, https:\/\/i0.wp.com\/eatliftlive.com\/wp-content\/uploads\/2026\/02\/IMG_1092.webp?fit=1200%2C900&ssl=1&resize=1050%2C600 3x"},"classes":[]}],"_links":{"self":[{"href":"https:\/\/eatliftlive.com\/en\/wp-json\/wp\/v2\/posts\/2298","targetHints":{"allow":["GET"]}}],"collection":[{"href":"https:\/\/eatliftlive.com\/en\/wp-json\/wp\/v2\/posts"}],"about":[{"href":"https:\/\/eatliftlive.com\/en\/wp-json\/wp\/v2\/types\/post"}],"author":[{"embeddable":true,"href":"https:\/\/eatliftlive.com\/en\/wp-json\/wp\/v2\/users\/271924636"}],"replies":[{"embeddable":true,"href":"https:\/\/eatliftlive.com\/en\/wp-json\/wp\/v2\/comments?post=2298"}],"version-history":[{"count":5,"href":"https:\/\/eatliftlive.com\/en\/wp-json\/wp\/v2\/posts\/2298\/revisions"}],"predecessor-version":[{"id":2307,"href":"https:\/\/eatliftlive.com\/en\/wp-json\/wp\/v2\/posts\/2298\/revisions\/2307"}],"wp:featuredmedia":[{"embeddable":true,"href":"https:\/\/eatliftlive.com\/en\/wp-json\/wp\/v2\/media\/2299"}],"wp:attachment":[{"href":"https:\/\/eatliftlive.com\/en\/wp-json\/wp\/v2\/media?parent=2298"}],"wp:term":[{"taxonomy":"category","embeddable":true,"href":"https:\/\/eatliftlive.com\/en\/wp-json\/wp\/v2\/categories?post=2298"},{"taxonomy":"post_tag","embeddable":true,"href":"https:\/\/eatliftlive.com\/en\/wp-json\/wp\/v2\/tags?post=2298"}],"curies":[{"name":"wp","href":"https:\/\/api.w.org\/{rel}","templated":true}]}}