{"id":1466,"date":"2025-12-25T12:02:38","date_gmt":"2025-12-25T11:02:38","guid":{"rendered":"https:\/\/eatliftlive.com\/?p=1466"},"modified":"2025-12-25T12:02:54","modified_gmt":"2025-12-25T11:02:54","slug":"claridad-y-enfoque-2026","status":"publish","type":"post","link":"https:\/\/eatliftlive.com\/es_es\/2025\/12\/25\/claridad-y-enfoque-2026\/","title":{"rendered":"C\u00d3MO PREPARAR UN 2026 CON CLARIDAD Y ENFOQUE"},"content":{"rendered":"\n<p class=\"p1\"><span class=\"s1\">El final del a\u00f1o suele llenarse de ruido: listas infinitas, expectativas ajenas, prisas que no llevan a ninguna parte. Pero la claridad no nace del ruido, sino del espacio que dejamos para escucharnos. Preparar un nuevo a\u00f1o no es a\u00f1adir m\u00e1s\u2026 es elegir mejor.<\/span><\/p>\n<p class=\"p1\"><span class=\"s1\">2026 puede ser un a\u00f1o de fuerza, calma y direcci\u00f3n. Y para eso, el primer paso es <strong>enfocarte<\/strong> en lo esencial.<\/span><\/p>\n<div class=\"text-center\"><div class=\"is-divider divider clearfix\" ><\/div><\/div>\n\n<p class=\"p1\"><strong><span class=\"s1\" style=\"font-size: 130%;\">\ud83c\udf3f 1. Cierra el a\u00f1o con gratitud consciente<\/span><\/strong><\/p>\n<p class=\"p2\"><span class=\"s2\">Antes de avanzar, honra lo que ya viviste. <\/span><\/p>\n<p class=\"p2\"><span class=\"s2\">Tres aprendizajes. Tres momentos que te hicieron crecer. <\/span><\/p>\n<p class=\"p2\"><span class=\"s2\">La gratitud abre espacio mental y emocional para lo nuevo.<\/span><\/p>\n<div class=\"text-center\"><div class=\"is-divider divider clearfix\" ><\/div><\/div>\n\n<p class=\"p1\"><strong><span class=\"s1\" style=\"font-size: 130%;\">\ud83d\udd25 2. Elige solo tres prioridades<\/span><\/strong><\/p>\n<p class=\"p1\"><span class=\"s1\">No diez. No veinte. <\/span><\/p>\n<p class=\"p1\"><span class=\"s1\">Tres.<\/span><\/p>\n<p class=\"p1\"><span class=\"s1\">Tres \u00e1reas que realmente transformar\u00e1n tu vida: salud, energ\u00eda, disciplina, creatividad, relaciones, prop\u00f3sito. <\/span><\/p>\n<p class=\"p1\"><span class=\"s1\">Cuando eliges poco, avanzas m\u00e1s.<\/span><\/p>\n<div class=\"text-center\"><div class=\"is-divider divider clearfix\" ><\/div><\/div>\n\n<p class=\"p1\"><strong><span class=\"s1\" style=\"font-size: 130%;\">\ud83e\udded 3. Define tu \u201cpor qu\u00e9\u201d<\/span><\/strong><\/p>\n<p class=\"p2\"><span class=\"s2\">El <strong>enfoque<\/strong> no se sostiene con fuerza de voluntad, sino con sentido. <\/span><\/p>\n<p class=\"p2\"><span class=\"s2\">Preg\u00fantate: <\/span><\/p>\n<p class=\"p2\"><span class=\"s2\">\u00bfPor qu\u00e9 quiero esto? \u00bfQu\u00e9 cambia en mi vida si lo logro? <\/span><\/p>\n<p class=\"p2\"><span class=\"s2\">Cuando el \u201cpor qu\u00e9\u201d es claro, el \u201cc\u00f3mo\u201d aparece.<\/span><\/p>\n<div class=\"text-center\"><div class=\"is-divider divider clearfix\" ><\/div><\/div>\n\n<p class=\"p1\"><strong><span class=\"s1\" style=\"font-size: 130%;\">\ud83e\uddd8 4. Dise\u00f1a un ritual de claridad<\/span><\/strong><\/p>\n<p class=\"p2\"><span class=\"s2\">No necesitas grandes ceremonias. <\/span><\/p>\n<p class=\"p2\"><span class=\"s2\">Puede ser:<\/span><\/p>\n<ul class=\"ul1\">\n<li class=\"li3\"><span class=\"s2\">10 minutos de silencio<\/span><\/li>\n<li class=\"li4\"><span class=\"s2\">Un paseo sin m\u00f3vil<\/span><\/li>\n<li class=\"li4\"><span class=\"s2\">Ordenar un espacio<\/span><\/li>\n<li class=\"li5\"><span class=\"s2\">Escribir una frase que te acompa\u00f1e<\/span><\/li>\n<\/ul>\n<p class=\"p2\"><span class=\"s2\">La claridad es un h\u00e1bito, no un accidente.<\/span><\/p>\n<div class=\"text-center\"><div class=\"is-divider divider clearfix\" ><\/div><\/div>\n\n<p class=\"p1\"><strong><span class=\"s1\" style=\"font-size: 130%;\">\ud83e\udd57 5. Cuida tu energ\u00eda antes que tu agenda<\/span><\/strong><\/p>\n<p class=\"p2\"><span class=\"s2\">Tu cuerpo es tu herramienta de <strong>enfoque<\/strong>. <\/span><\/p>\n<p class=\"p2\"><span class=\"s2\">Sin energ\u00eda, no hay disciplina. <\/span><\/p>\n<p class=\"p2\"><span class=\"s2\">Sin descanso, no hay claridad. <\/span><\/p>\n<p class=\"p2\"><span class=\"s2\">Sin nutrici\u00f3n, no hay constancia.<\/span><\/p>\n<p class=\"p2\"><span class=\"s2\">Prioriza lo que te sostiene:<\/span><\/p>\n<ul class=\"ul1\">\n<li class=\"li3\"><span class=\"s2\">Sue\u00f1o<\/span><\/li>\n<li class=\"li4\"><span class=\"s2\">Hidrataci\u00f3n<\/span><\/li>\n<li class=\"li4\"><span class=\"s2\">Movimiento<\/span><\/li>\n<li class=\"li4\"><span class=\"s2\">Comidas que te nutran<\/span><\/li>\n<li class=\"li5\"><span class=\"s2\">Pausas conscientes<\/span><\/li>\n<\/ul>\n<div class=\"text-center\"><div class=\"is-divider divider clearfix\" ><\/div><\/div>\n\n<p class=\"p1\"><strong><span class=\"s1\" style=\"font-size: 130%;\">\ud83d\udccc 6. Haz espacio: elimina lo que ya no suma<\/span><\/strong><\/p>\n<p class=\"p2\"><span class=\"s2\">Un nuevo a\u00f1o no se llena: se limpia. <\/span><\/p>\n<p class=\"p2\"><span class=\"s2\">Suelta h\u00e1bitos, rutinas o compromisos que ya no encajan con la persona que est\u00e1s construyendo.<\/span><\/p>\n<div class=\"text-center\"><div class=\"is-divider divider clearfix\" ><\/div><\/div>\n\n<p class=\"p1\"><strong><span class=\"s1\" style=\"font-size: 130%;\">\u2728 7. Elige una palabra gu\u00eda para 2026<\/span><\/strong><\/p>\n<p class=\"p2\"><span class=\"s2\">Una sola. <\/span><\/p>\n<p class=\"p2\"><span class=\"s2\">Puede ser: claridad, <strong>enfoque<\/strong>, calma, disciplina, expansi\u00f3n, presencia. <\/span><\/p>\n<p class=\"p2\"><span class=\"s2\">Esa palabra ser\u00e1 tu br\u00fajula cuando el ritmo del a\u00f1o se acelere.<\/span><\/p>\n<div class=\"text-center\"><div class=\"is-divider divider clearfix\" ><\/div><\/div>\n\n<p class=\"p1\"><strong><span class=\"s1\" style=\"font-size: 130%;\">\ud83c\udfaf C\u00f3mo te ayuda Enfoque en este proceso<\/span><\/strong><\/p>\n<p class=\"p2\"><span class=\"s2\"><strong>Enfoque<\/strong> naci\u00f3 precisamente para esto: <\/span><\/p>\n<p class=\"p2\"><span class=\"s2\">para ayudarte a ordenar tu energ\u00eda, simplificar tus decisiones y alinear tu d\u00eda con tus prioridades reales.<\/span><\/p>\n<p class=\"p2\"><span class=\"s2\">No es un plan r\u00edgido. <\/span><\/p>\n<p class=\"p2\"><span class=\"s2\">Es una estructura clara para que t\u00fa puedas avanzar con intenci\u00f3n:<\/span><\/p>\n<ul class=\"ul1\">\n<li class=\"li3\"><span class=\"s2\">Alimentaci\u00f3n que sostiene tu energ\u00eda.<\/span><\/li>\n<li class=\"li4\"><span class=\"s2\">Rutinas que fortalecen tu disciplina.<\/span><\/li>\n<li class=\"li4\"><span class=\"s2\">H\u00e1bitos que te devuelven claridad mental.<\/span><\/li>\n<li class=\"li5\"><span class=\"s2\">Un camino simple para volver a ti cuando el ruido aumenta.<\/span><\/li>\n<\/ul>\n<p class=\"p2\"><span class=\"s2\"><strong>Enfoque<\/strong> no te dice qu\u00e9 hacer. <\/span><\/p>\n<p class=\"p2\"><span class=\"s2\">Te recuerda qui\u00e9n quieres ser.<\/span><\/p>\n<div class=\"text-center\"><div class=\"is-divider divider clearfix\" ><\/div><\/div>\n\n<p class=\"p1\"><strong><span class=\"s1\" style=\"font-size: 130%;\">\ud83c\udf87 Cierre<\/span><\/strong><\/p>\n<p class=\"p2\"><span class=\"s2\">Preparar un nuevo a\u00f1o no es correr hacia adelante, sino caminar con intenci\u00f3n. <\/span><\/p>\n<p class=\"p2\"><span class=\"s2\">2026 puede ser un a\u00f1o de fuerza, calma y prop\u00f3sito si lo construyes desde dentro.<\/span><\/p>\n<p class=\"p2\"><span class=\"s2\">Que entres en este nuevo ciclo con claridad, <strong>enfoque<\/strong> y la energ\u00eda de lo esencial.<\/span><\/p>\n\n","protected":false},"excerpt":{"rendered":"","protected":false},"author":271924636,"featured_media":1469,"comment_status":"closed","ping_status":"open","sticky":false,"template":"","format":"standard","meta":{"om_disable_all_campaigns":false,"_jetpack_newsletter_access":"","_jetpack_dont_email_post_to_subs":false,"_jetpack_newsletter_tier_id":0,"_jetpack_memberships_contains_paywalled_content":false,"_jetpack_memberships_contains_paid_content":false,"footnotes":"","jetpack_publicize_message":"","jetpack_publicize_feature_enabled":true,"jetpack_social_post_already_shared":true,"jetpack_social_options":{"image_generator_settings":{"template":"highway","default_image_id":0,"font":"","enabled":false},"version":2},"jetpack_post_was_ever_published":false},"categories":[1358],"tags":[],"class_list":["post-1466","post","type-post","status-publish","format-standard","has-post-thumbnail","hentry","category-bienvenidos-a-eatliftlive"],"jetpack_publicize_connections":[],"jetpack_featured_media_url":"https:\/\/i0.wp.com\/eatliftlive.com\/wp-content\/uploads\/2025\/12\/fondo-suave-y-desenfocado-un-rayo-de-luz-entrando.png?fit=1024%2C768&ssl=1","jetpack_sharing_enabled":true,"jetpack_shortlink":"https:\/\/wp.me\/pgPR8T-nE","jetpack-related-posts":[{"id":2298,"url":"https:\/\/eatliftlive.com\/es_es\/2026\/04\/09\/pascua-ortodoxa-cuando-la-tradicion-se-sirve-en-la-mesa\/","url_meta":{"origin":1466,"position":0},"title":"Pascua Ortodoxa: cuando la tradici\u00f3n se sirve en la mesa","author":"Chef Owl","date":"9 de abril de 2026","format":false,"excerpt":"Hay celebraciones que no necesitan grandes discursos para justificar su existencia. La Pascua cristiana ortodoxa es una de ellas. Llega cada a\u00f1o con la misma serenidad con la que se enciende una vela: sin prisa, sin ruido, pero con una luz que transforma el espacio.Es una fiesta donde la espiritualidad\u2026","rel":"","context":"En \u00abEstilo de vida\u00bb","block_context":{"text":"Estilo de vida","link":"https:\/\/eatliftlive.com\/es_es\/category\/estilo-de-vida\/"},"img":{"alt_text":"","src":"https:\/\/i0.wp.com\/eatliftlive.com\/wp-content\/uploads\/2026\/04\/pascuas.webp?fit=1000%2C1000&ssl=1&resize=350%2C200","width":350,"height":200,"srcset":"https:\/\/i0.wp.com\/eatliftlive.com\/wp-content\/uploads\/2026\/04\/pascuas.webp?fit=1000%2C1000&ssl=1&resize=350%2C200 1x, https:\/\/i0.wp.com\/eatliftlive.com\/wp-content\/uploads\/2026\/04\/pascuas.webp?fit=1000%2C1000&ssl=1&resize=525%2C300 1.5x, https:\/\/i0.wp.com\/eatliftlive.com\/wp-content\/uploads\/2026\/04\/pascuas.webp?fit=1000%2C1000&ssl=1&resize=700%2C400 2x"},"classes":[]},{"id":2268,"url":"https:\/\/eatliftlive.com\/es_es\/2026\/03\/21\/%f0%9f%92%aa-entrenar-despues-de-los-45-el-arte-de-sostenerse-bien\/","url_meta":{"origin":1466,"position":1},"title":"\ud83d\udcaa Entrenar despu\u00e9s de los 45: el arte de sostenerse bien","author":"Chef Owl","date":"21 de marzo de 2026","format":false,"excerpt":"Hay un punto en la vida \u2014normalmente alrededor de los 45\u2014 en el que el cuerpo deja de pedir velocidad y empieza a pedir coherencia. Ya no se trata de competir, sino de sostener. De acompa\u00f1ar. De vivir con intenci\u00f3n.En EatLiftLive\u00ae creemos que entrenar a partir de esta edad no\u2026","rel":"","context":"En \u00abEstilo de vida\u00bb","block_context":{"text":"Estilo de vida","link":"https:\/\/eatliftlive.com\/es_es\/category\/estilo-de-vida\/"},"img":{"alt_text":"","src":"https:\/\/i0.wp.com\/eatliftlive.com\/wp-content\/uploads\/2026\/03\/entrenar-45.webp?fit=1200%2C648&ssl=1&resize=350%2C200","width":350,"height":200,"srcset":"https:\/\/i0.wp.com\/eatliftlive.com\/wp-content\/uploads\/2026\/03\/entrenar-45.webp?fit=1200%2C648&ssl=1&resize=350%2C200 1x, https:\/\/i0.wp.com\/eatliftlive.com\/wp-content\/uploads\/2026\/03\/entrenar-45.webp?fit=1200%2C648&ssl=1&resize=525%2C300 1.5x, https:\/\/i0.wp.com\/eatliftlive.com\/wp-content\/uploads\/2026\/03\/entrenar-45.webp?fit=1200%2C648&ssl=1&resize=700%2C400 2x, https:\/\/i0.wp.com\/eatliftlive.com\/wp-content\/uploads\/2026\/03\/entrenar-45.webp?fit=1200%2C648&ssl=1&resize=1050%2C600 3x"},"classes":[]},{"id":1588,"url":"https:\/\/eatliftlive.com\/es_es\/2026\/01\/01\/%e2%9c%a8-tu-salud-tu-oficio\/","url_meta":{"origin":1466,"position":2},"title":"\u2728 Tu salud, tu oficio","author":"Chef Owl","date":"1 de enero de 2026","format":false,"excerpt":"Por qu\u00e9 cuidarte no es un hobby, sino una pr\u00e1ctica diaria que define tu vida En un mundo lleno de atajos, tendencias pasajeras y soluciones r\u00e1pidas, la salud se ha convertido en un concepto difuso. Para muchos, es algo que se intenta \u201ccuando hay tiempo\u201d, un proyecto que se retoma\u2026","rel":"","context":"En \u00abComunidad EatLiftLive\u00bb","block_context":{"text":"Comunidad EatLiftLive","link":"https:\/\/eatliftlive.com\/es_es\/category\/bienvenidos-a-eatliftlive\/"},"img":{"alt_text":"","src":"https:\/\/i0.wp.com\/eatliftlive.com\/wp-content\/uploads\/2026\/01\/pexels-photo-1134188.webp?fit=1200%2C636&ssl=1&resize=350%2C200","width":350,"height":200,"srcset":"https:\/\/i0.wp.com\/eatliftlive.com\/wp-content\/uploads\/2026\/01\/pexels-photo-1134188.webp?fit=1200%2C636&ssl=1&resize=350%2C200 1x, https:\/\/i0.wp.com\/eatliftlive.com\/wp-content\/uploads\/2026\/01\/pexels-photo-1134188.webp?fit=1200%2C636&ssl=1&resize=525%2C300 1.5x, https:\/\/i0.wp.com\/eatliftlive.com\/wp-content\/uploads\/2026\/01\/pexels-photo-1134188.webp?fit=1200%2C636&ssl=1&resize=700%2C400 2x, https:\/\/i0.wp.com\/eatliftlive.com\/wp-content\/uploads\/2026\/01\/pexels-photo-1134188.webp?fit=1200%2C636&ssl=1&resize=1050%2C600 3x"},"classes":[]},{"id":2234,"url":"https:\/\/eatliftlive.com\/es_es\/2026\/03\/11\/%e2%9c%a8eatliftlive-abre-su-tienda-diseno-movimiento-y-ritual-para-cada-dia\/","url_meta":{"origin":1466,"position":3},"title":"\u2728EatLiftLive\u00ae abre su tienda: dise\u00f1o, movimiento y ritual para cada d\u00eda","author":"Chef Owl","date":"11 de marzo de 2026","format":false,"excerpt":"Hemos inaugurado la tienda EatLiftLive\u00ae, un espacio creado para quienes quieren vivir con intenci\u00f3n, moverse con prop\u00f3sito y rodearse de objetos que acompa\u00f1an una vida m\u00e1s clara, m\u00e1s fuerte y m\u00e1s bella. No es solo una tienda.Es la evoluci\u00f3n natural de una filosof\u00eda. Durante meses hemos construido una identidad que\u2026","rel":"","context":"En \u00abComunidad EatLiftLive\u00bb","block_context":{"text":"Comunidad EatLiftLive","link":"https:\/\/eatliftlive.com\/es_es\/category\/bienvenidos-a-eatliftlive\/"},"img":{"alt_text":"","src":"https:\/\/i0.wp.com\/eatliftlive.com\/wp-content\/uploads\/2026\/03\/cortina-ducha.jpg?fit=1200%2C1200&ssl=1&resize=350%2C200","width":350,"height":200,"srcset":"https:\/\/i0.wp.com\/eatliftlive.com\/wp-content\/uploads\/2026\/03\/cortina-ducha.jpg?fit=1200%2C1200&ssl=1&resize=350%2C200 1x, https:\/\/i0.wp.com\/eatliftlive.com\/wp-content\/uploads\/2026\/03\/cortina-ducha.jpg?fit=1200%2C1200&ssl=1&resize=525%2C300 1.5x, https:\/\/i0.wp.com\/eatliftlive.com\/wp-content\/uploads\/2026\/03\/cortina-ducha.jpg?fit=1200%2C1200&ssl=1&resize=700%2C400 2x, https:\/\/i0.wp.com\/eatliftlive.com\/wp-content\/uploads\/2026\/03\/cortina-ducha.jpg?fit=1200%2C1200&ssl=1&resize=1050%2C600 3x"},"classes":[]},{"id":2246,"url":"https:\/\/eatliftlive.com\/es_es\/2026\/03\/14\/%f0%9f%ab%92la-dieta-mediterranea-sin-folclore-volver-a-la-esencia-real\/","url_meta":{"origin":1466,"position":4},"title":"\ud83e\uded2La dieta mediterr\u00e1nea sin folclore: volver a la esencia real","author":"Chef Owl","date":"14 de marzo de 2026","format":false,"excerpt":"La dieta mediterr\u00e1nea no naci\u00f3 en Instagram, ni en un documental de Netflix, ni en un folleto tur\u00edstico que promete longevidad a cambio de una ensalada con feta. Naci\u00f3 en la vida real: en manos curtidas, en cocinas peque\u00f1as, en mercados que ol\u00edan a mar y a tierra.Con el tiempo,\u2026","rel":"","context":"En \u00abEstilo de vida\u00bb","block_context":{"text":"Estilo de vida","link":"https:\/\/eatliftlive.com\/es_es\/category\/estilo-de-vida\/"},"img":{"alt_text":"","src":"https:\/\/i0.wp.com\/eatliftlive.com\/wp-content\/uploads\/2026\/03\/casa-tred.webp?fit=1000%2C560&ssl=1&resize=350%2C200","width":350,"height":200,"srcset":"https:\/\/i0.wp.com\/eatliftlive.com\/wp-content\/uploads\/2026\/03\/casa-tred.webp?fit=1000%2C560&ssl=1&resize=350%2C200 1x, https:\/\/i0.wp.com\/eatliftlive.com\/wp-content\/uploads\/2026\/03\/casa-tred.webp?fit=1000%2C560&ssl=1&resize=525%2C300 1.5x, https:\/\/i0.wp.com\/eatliftlive.com\/wp-content\/uploads\/2026\/03\/casa-tred.webp?fit=1000%2C560&ssl=1&resize=700%2C400 2x"},"classes":[]},{"id":1821,"url":"https:\/\/eatliftlive.com\/es_es\/2026\/01\/20\/%f0%9f%94%a5-7-habitos-que-transforman-tu-cuerpo-sin-dietas-extremas\/","url_meta":{"origin":1466,"position":5},"title":"\ud83d\udd25 7 h\u00e1bitos que transforman tu cuerpo sin dietas extremas","author":"Chef Owl","date":"20 de enero de 2026","format":false,"excerpt":"Cambiar tu cuerpo no requiere sufrimiento, prohibiciones ni planes imposibles de mantener. La verdadera transformaci\u00f3n ocurre cuando introduces h\u00e1bitos simples, sostenibles y repetibles. Peque\u00f1os ajustes que, sumados d\u00eda tras d\u00eda, generan un impacto enorme en tu energ\u00eda, tu composici\u00f3n corporal y tu bienestar. Estos son los siete h\u00e1bitos que m\u00e1s\u2026","rel":"","context":"En \u00abComunidad EatLiftLive\u00bb","block_context":{"text":"Comunidad EatLiftLive","link":"https:\/\/eatliftlive.com\/es_es\/category\/bienvenidos-a-eatliftlive\/"},"img":{"alt_text":"","src":"https:\/\/i0.wp.com\/eatliftlive.com\/wp-content\/uploads\/2026\/01\/create-a-featured-image-depicting-a-vibrant-active-lifestyle-scene.png?fit=1024%2C768&ssl=1&resize=350%2C200","width":350,"height":200,"srcset":"https:\/\/i0.wp.com\/eatliftlive.com\/wp-content\/uploads\/2026\/01\/create-a-featured-image-depicting-a-vibrant-active-lifestyle-scene.png?fit=1024%2C768&ssl=1&resize=350%2C200 1x, https:\/\/i0.wp.com\/eatliftlive.com\/wp-content\/uploads\/2026\/01\/create-a-featured-image-depicting-a-vibrant-active-lifestyle-scene.png?fit=1024%2C768&ssl=1&resize=525%2C300 1.5x, https:\/\/i0.wp.com\/eatliftlive.com\/wp-content\/uploads\/2026\/01\/create-a-featured-image-depicting-a-vibrant-active-lifestyle-scene.png?fit=1024%2C768&ssl=1&resize=700%2C400 2x"},"classes":[]}],"_links":{"self":[{"href":"https:\/\/eatliftlive.com\/es_es\/wp-json\/wp\/v2\/posts\/1466","targetHints":{"allow":["GET"]}}],"collection":[{"href":"https:\/\/eatliftlive.com\/es_es\/wp-json\/wp\/v2\/posts"}],"about":[{"href":"https:\/\/eatliftlive.com\/es_es\/wp-json\/wp\/v2\/types\/post"}],"author":[{"embeddable":true,"href":"https:\/\/eatliftlive.com\/es_es\/wp-json\/wp\/v2\/users\/271924636"}],"replies":[{"embeddable":true,"href":"https:\/\/eatliftlive.com\/es_es\/wp-json\/wp\/v2\/comments?post=1466"}],"version-history":[{"count":13,"href":"https:\/\/eatliftlive.com\/es_es\/wp-json\/wp\/v2\/posts\/1466\/revisions"}],"predecessor-version":[{"id":1482,"href":"https:\/\/eatliftlive.com\/es_es\/wp-json\/wp\/v2\/posts\/1466\/revisions\/1482"}],"wp:featuredmedia":[{"embeddable":true,"href":"https:\/\/eatliftlive.com\/es_es\/wp-json\/wp\/v2\/media\/1469"}],"wp:attachment":[{"href":"https:\/\/eatliftlive.com\/es_es\/wp-json\/wp\/v2\/media?parent=1466"}],"wp:term":[{"taxonomy":"category","embeddable":true,"href":"https:\/\/eatliftlive.com\/es_es\/wp-json\/wp\/v2\/categories?post=1466"},{"taxonomy":"post_tag","embeddable":true,"href":"https:\/\/eatliftlive.com\/es_es\/wp-json\/wp\/v2\/tags?post=1466"}],"curies":[{"name":"wp","href":"https:\/\/api.w.org\/{rel}","templated":true}]}}