{"id":1805,"date":"2026-01-14T11:51:29","date_gmt":"2026-01-14T10:51:29","guid":{"rendered":"https:\/\/eatliftlive.com\/?p=1805"},"modified":"2026-01-14T21:49:42","modified_gmt":"2026-01-14T20:49:42","slug":"%e2%9c%a8-enfoque-el-arte-de-elegir-lo-que-importa","status":"publish","type":"post","link":"https:\/\/eatliftlive.com\/es_es\/2026\/01\/14\/%e2%9c%a8-enfoque-el-arte-de-elegir-lo-que-importa\/","title":{"rendered":"\u2728 ENFOQUE: el arte de elegir lo que importa"},"content":{"rendered":"\n<h3 style=\"text-align: left;\">En un mundo que exige m\u00e1s de lo que ofrece, enfocarse no es una habilidad: es una declaraci\u00f3n de identidad.<\/h3>\n\n\n\n<p><\/p>\n\n\n\n<div class=\"text-center\"><div class=\"is-divider divider clearfix\" style=\"max-width:250px;\"><\/div><\/div>\n\n<h3><!--StartFragment --><\/h3>\n<h2>\ud83c\udf0d Vivimos saturados, pero vac\u00edos<\/h2>\n<p>La mayor\u00eda de las personas no fallan por falta de capacidad, sino por exceso de ruido.<br \/>Demasiadas opciones, demasiadas opiniones, demasiadas distracciones.<br \/>La mente moderna est\u00e1 dise\u00f1ada para reaccionar, no para dirigir.<\/p>\n<p>El resultado es simple:<br \/><strong>queremos cambiar, pero no sabemos hacia d\u00f3nde mirar.<\/strong><\/p>\n<h3><!--EndFragment --><\/h3>\n<div class=\"text-center\"><div class=\"is-divider divider clearfix\" style=\"max-width:250px;\"><\/div><\/div>\n\n<h3><!--StartFragment --><\/h3>\n<h2>\ud83c\udfaf Enfocarse no es hacer m\u00e1s<\/h2>\n<p>La cultura del \u201cproductividad a toda costa\u201d nos ha vendido una mentira:<br \/>que enfocarse es apretar, correr, llenar la agenda, demostrar.<\/p>\n<p>Pero el enfoque real es lo contrario.<br \/>Es un acto de selecci\u00f3n.<br \/>Es un filtro.<br \/>Es un \u201cno\u201d que sostiene un \u201cs\u00ed\u201d m\u00e1s grande.<\/p>\n<p>Enfocarse es decidir qu\u00e9 merece tu energ\u00eda\u2026 y qu\u00e9 no.<\/p>\n<div class=\"text-center\"><div class=\"is-divider divider clearfix\" style=\"max-width:250px;\"><\/div><\/div>\n\n<h3><!--StartFragment --><\/h3>\n<h2>\ud83d\udd25 El enfoque como pr\u00e1ctica diaria<\/h2>\n<p>No es un talento.<br \/>No es inspiraci\u00f3n.<br \/>No es motivaci\u00f3n.<br \/>Es una pr\u00e1ctica.<\/p>\n<p>Una pr\u00e1ctica que se construye as\u00ed:<\/p>\n<ul>\n<li><strong>Reduciendo ruido<\/strong>: menos est\u00edmulos, m\u00e1s intenci\u00f3n.<\/li>\n<li><strong>Creando sistemas<\/strong>: lo que se repite, se convierte en identidad.<\/li>\n<li><strong>Honrando l\u00edmites<\/strong>: no todo merece tu atenci\u00f3n.<\/li>\n<li><strong>Protegiendo tu energ\u00eda<\/strong>: cada decisi\u00f3n tiene un coste.<\/li>\n<\/ul>\n<p>El enfoque no se siente heroico.<br \/>Se siente simple.<br \/>Se siente claro.<br \/>Se siente ligero.<\/p>\n<h3><!--EndFragment --><\/h3>\n<div class=\"text-center\"><div class=\"is-divider divider clearfix\" style=\"max-width:250px;\"><\/div><\/div>\n\n<h3><!--StartFragment --><\/h3>\n<h2>\ud83e\udde9 El enfoque como identidad<\/h2>\n<p>Cuando eliges enfocarte, no solo cambias tus h\u00e1bitos: cambias tu narrativa.<br \/>Pasas de \u201cquiero mejorar\u201d a \u201csoy alguien que se muestra\u201d.<br \/>De \u201ca ver si puedo\u201d a \u201cesto es lo que hago\u201d.<br \/>De \u201ccuando tenga tiempo\u201d a \u201cesto es prioridad\u201d.<br \/>El enfoque no es una herramienta.<br \/>Es una forma de estar en el mundo.<\/p>\n<div class=\"text-center\"><div class=\"is-divider divider clearfix\" style=\"max-width:250px;\"><\/div><\/div>\n\n<h3><!--StartFragment --><\/h3>\n<h2>\ud83d\udc9b Por qu\u00e9 ENFOQUE es el primer paso de EatLiftLive\u00ae<\/h2>\n<p>Porque antes de entrenar el cuerpo, hay que entrenar la direcci\u00f3n.<br \/>Antes de cambiar la alimentaci\u00f3n, hay que cambiar la intenci\u00f3n.<br \/>Antes de construir un sistema, hay que saber para qu\u00e9.<br \/>ENFOQUE es la base.<br \/>La ra\u00edz.<br \/>El punto de partida.<br \/>La decisi\u00f3n que sostiene todas las dem\u00e1s.<\/p>\n<div class=\"text-center\"><div class=\"is-divider divider clearfix\" style=\"max-width:250px;\"><\/div><\/div>\n\n<h3><!--StartFragment --><\/h3>\n<h2>\ud83c\udf31 Una invitaci\u00f3n<\/h2>\n<p>No necesitas m\u00e1s fuerza de voluntad.<br \/>No necesitas m\u00e1s motivaci\u00f3n.<br \/>No necesitas m\u00e1s informaci\u00f3n.<\/p>\n<p>Necesitas enfoque.<br \/>Y el enfoque empieza con una sola pregunta:<\/p>\n<p><strong>\u00bfQu\u00e9 est\u00e1s eligiendo hoy?<\/strong><\/p>\n<h3><!--EndFragment --><\/h3>\n<div class=\"text-center\"><div class=\"is-divider divider clearfix\" style=\"max-width:250px;\"><\/div><\/div>\n\n\n","protected":false},"excerpt":{"rendered":"","protected":false},"author":271924636,"featured_media":1815,"comment_status":"closed","ping_status":"open","sticky":false,"template":"","format":"standard","meta":{"om_disable_all_campaigns":false,"_jetpack_newsletter_access":"","_jetpack_dont_email_post_to_subs":false,"_jetpack_newsletter_tier_id":0,"_jetpack_memberships_contains_paywalled_content":false,"_jetpack_memberships_contains_paid_content":false,"footnotes":"","jetpack_publicize_message":"","jetpack_publicize_feature_enabled":true,"jetpack_social_post_already_shared":true,"jetpack_social_options":{"image_generator_settings":{"template":"highway","default_image_id":0,"font":"","enabled":false},"version":2},"jetpack_post_was_ever_published":false},"categories":[1358],"tags":[],"class_list":["post-1805","post","type-post","status-publish","format-standard","has-post-thumbnail","hentry","category-bienvenidos-a-eatliftlive"],"jetpack_publicize_connections":[],"jetpack_featured_media_url":"https:\/\/i0.wp.com\/eatliftlive.com\/wp-content\/uploads\/2026\/01\/enfoque-1-1.webp?fit=1508%2C834&ssl=1","jetpack_sharing_enabled":true,"jetpack_shortlink":"https:\/\/wp.me\/pgPR8T-t7","jetpack-related-posts":[{"id":2298,"url":"https:\/\/eatliftlive.com\/es_es\/2026\/04\/09\/pascua-ortodoxa-cuando-la-tradicion-se-sirve-en-la-mesa\/","url_meta":{"origin":1805,"position":0},"title":"Pascua Ortodoxa: cuando la tradici\u00f3n se sirve en la mesa","author":"Chef Owl","date":"9 de abril de 2026","format":false,"excerpt":"Hay celebraciones que no necesitan grandes discursos para justificar su existencia. La Pascua cristiana ortodoxa es una de ellas. Llega cada a\u00f1o con la misma serenidad con la que se enciende una vela: sin prisa, sin ruido, pero con una luz que transforma el espacio.Es una fiesta donde la espiritualidad\u2026","rel":"","context":"En \u00abEstilo de vida\u00bb","block_context":{"text":"Estilo de vida","link":"https:\/\/eatliftlive.com\/es_es\/category\/estilo-de-vida\/"},"img":{"alt_text":"","src":"https:\/\/i0.wp.com\/eatliftlive.com\/wp-content\/uploads\/2026\/04\/pascuas.webp?fit=1000%2C1000&ssl=1&resize=350%2C200","width":350,"height":200,"srcset":"https:\/\/i0.wp.com\/eatliftlive.com\/wp-content\/uploads\/2026\/04\/pascuas.webp?fit=1000%2C1000&ssl=1&resize=350%2C200 1x, https:\/\/i0.wp.com\/eatliftlive.com\/wp-content\/uploads\/2026\/04\/pascuas.webp?fit=1000%2C1000&ssl=1&resize=525%2C300 1.5x, https:\/\/i0.wp.com\/eatliftlive.com\/wp-content\/uploads\/2026\/04\/pascuas.webp?fit=1000%2C1000&ssl=1&resize=700%2C400 2x"},"classes":[]},{"id":1466,"url":"https:\/\/eatliftlive.com\/es_es\/2025\/12\/25\/claridad-y-enfoque-2026\/","url_meta":{"origin":1805,"position":1},"title":"C\u00d3MO PREPARAR UN 2026 CON CLARIDAD Y ENFOQUE","author":"Chef Owl","date":"25 de diciembre de 2025","format":false,"excerpt":"El final del a\u00f1o suele llenarse de ruido: listas infinitas, expectativas ajenas, prisas que no llevan a ninguna parte. Pero la claridad no nace del ruido, sino del espacio que dejamos para escucharnos. Preparar un nuevo a\u00f1o no es a\u00f1adir m\u00e1s\u2026 es elegir mejor. 2026 puede ser un a\u00f1o de\u2026","rel":"","context":"En \u00abComunidad EatLiftLive\u00bb","block_context":{"text":"Comunidad EatLiftLive","link":"https:\/\/eatliftlive.com\/es_es\/category\/bienvenidos-a-eatliftlive\/"},"img":{"alt_text":"","src":"https:\/\/i0.wp.com\/eatliftlive.com\/wp-content\/uploads\/2025\/12\/fondo-suave-y-desenfocado-un-rayo-de-luz-entrando.png?fit=1024%2C768&ssl=1&resize=350%2C200","width":350,"height":200,"srcset":"https:\/\/i0.wp.com\/eatliftlive.com\/wp-content\/uploads\/2025\/12\/fondo-suave-y-desenfocado-un-rayo-de-luz-entrando.png?fit=1024%2C768&ssl=1&resize=350%2C200 1x, https:\/\/i0.wp.com\/eatliftlive.com\/wp-content\/uploads\/2025\/12\/fondo-suave-y-desenfocado-un-rayo-de-luz-entrando.png?fit=1024%2C768&ssl=1&resize=525%2C300 1.5x, https:\/\/i0.wp.com\/eatliftlive.com\/wp-content\/uploads\/2025\/12\/fondo-suave-y-desenfocado-un-rayo-de-luz-entrando.png?fit=1024%2C768&ssl=1&resize=700%2C400 2x"},"classes":[]},{"id":2176,"url":"https:\/\/eatliftlive.com\/es_es\/2026\/02\/26\/%f0%9f%8c%85-un-puerto-que-te-cambia-el-pulso\/","url_meta":{"origin":1805,"position":2},"title":"\ud83c\udf05 Un puerto que te cambia el pulso","author":"Chef Owl","date":"26 de febrero de 2026","format":false,"excerpt":"La bah\u00eda del Puerto de S\u00f3ller tiene esa forma de media luna que parece dise\u00f1ada para sostenerte. El Mediterr\u00e1neo entra suave, sin prisa, como si supiera que aqu\u00ed la vida se mastica m\u00e1s despacio. El aroma a c\u00edtricos baja desde el valle, mezcl\u00e1ndose con el olor a pescado reci\u00e9n descargado,\u2026","rel":"","context":"En \u00abEstilo de vida\u00bb","block_context":{"text":"Estilo de vida","link":"https:\/\/eatliftlive.com\/es_es\/category\/estilo-de-vida\/"},"img":{"alt_text":"","src":"https:\/\/i0.wp.com\/eatliftlive.com\/wp-content\/uploads\/2026\/02\/IMG_1056-1.jpg?fit=1200%2C359&ssl=1&resize=350%2C200","width":350,"height":200,"srcset":"https:\/\/i0.wp.com\/eatliftlive.com\/wp-content\/uploads\/2026\/02\/IMG_1056-1.jpg?fit=1200%2C359&ssl=1&resize=350%2C200 1x, https:\/\/i0.wp.com\/eatliftlive.com\/wp-content\/uploads\/2026\/02\/IMG_1056-1.jpg?fit=1200%2C359&ssl=1&resize=525%2C300 1.5x, https:\/\/i0.wp.com\/eatliftlive.com\/wp-content\/uploads\/2026\/02\/IMG_1056-1.jpg?fit=1200%2C359&ssl=1&resize=700%2C400 2x, https:\/\/i0.wp.com\/eatliftlive.com\/wp-content\/uploads\/2026\/02\/IMG_1056-1.jpg?fit=1200%2C359&ssl=1&resize=1050%2C600 3x"},"classes":[]},{"id":594,"url":"https:\/\/eatliftlive.com\/es_es\/2025\/11\/02\/como-transformar-tus-side-projects-en-una-vida-creativa-sostenible\/","url_meta":{"origin":1805,"position":3},"title":"C\u00f3mo transformar tus side projects en una vida creativa sostenible","author":"Chef Owl","date":"2 de noviembre de 2025","format":false,"excerpt":"C\u00f3mo mis side projects me dieron una vida creativa sostenible Por EatLiftLive\u00ae \u2014 31 Octubre 2025 Comparto atajos, tropiezos y peque\u00f1as victorias que cambiaron mi relaci\u00f3n con el trabajo creativo y me permitieron vivir de lo que hago con calma. Un comienzo por curiosidad Empec\u00e9 con proyectos paralelos sin la\u2026","rel":"","context":"En \u00abComunidad EatLiftLive\u00bb","block_context":{"text":"Comunidad EatLiftLive","link":"https:\/\/eatliftlive.com\/es_es\/category\/bienvenidos-a-eatliftlive\/"},"img":{"alt_text":"","src":"https:\/\/i0.wp.com\/eatliftlive.com\/wp-content\/uploads\/2025\/10\/Foto-horizontal-de-una-mesa-de-trabajo-con-laptop-libreta-y-cafe-titulo-sobreimpreso_-_Side-Projects-%E2%86%92-Vida-Creativa_-resolucion-recomendada-1200x628px.jpg?fit=1200%2C672&ssl=1&resize=350%2C200","width":350,"height":200,"srcset":"https:\/\/i0.wp.com\/eatliftlive.com\/wp-content\/uploads\/2025\/10\/Foto-horizontal-de-una-mesa-de-trabajo-con-laptop-libreta-y-cafe-titulo-sobreimpreso_-_Side-Projects-%E2%86%92-Vida-Creativa_-resolucion-recomendada-1200x628px.jpg?fit=1200%2C672&ssl=1&resize=350%2C200 1x, https:\/\/i0.wp.com\/eatliftlive.com\/wp-content\/uploads\/2025\/10\/Foto-horizontal-de-una-mesa-de-trabajo-con-laptop-libreta-y-cafe-titulo-sobreimpreso_-_Side-Projects-%E2%86%92-Vida-Creativa_-resolucion-recomendada-1200x628px.jpg?fit=1200%2C672&ssl=1&resize=525%2C300 1.5x, https:\/\/i0.wp.com\/eatliftlive.com\/wp-content\/uploads\/2025\/10\/Foto-horizontal-de-una-mesa-de-trabajo-con-laptop-libreta-y-cafe-titulo-sobreimpreso_-_Side-Projects-%E2%86%92-Vida-Creativa_-resolucion-recomendada-1200x628px.jpg?fit=1200%2C672&ssl=1&resize=700%2C400 2x, https:\/\/i0.wp.com\/eatliftlive.com\/wp-content\/uploads\/2025\/10\/Foto-horizontal-de-una-mesa-de-trabajo-con-laptop-libreta-y-cafe-titulo-sobreimpreso_-_Side-Projects-%E2%86%92-Vida-Creativa_-resolucion-recomendada-1200x628px.jpg?fit=1200%2C672&ssl=1&resize=1050%2C600 3x"},"classes":[]},{"id":2080,"url":"https:\/\/eatliftlive.com\/es_es\/2026\/02\/14\/%f0%9f%92%9dsan-valentin-cuando-el-amor-se-sirve-en-la-mesa-y-se-celebra-en-todas-las-culturas\/","url_meta":{"origin":1805,"position":4},"title":"\ud83d\udc9dSan Valent\u00edn: cuando el amor se sirve en la mesa y se celebra en todas las culturas","author":"Chef Owl","date":"14 de febrero de 2026","format":false,"excerpt":"Cada 14 de febrero, el mundo entero parece detenerse un instante para rendir homenaje a un sentimiento tan antiguo como la humanidad: el amor. Lo curioso es que, aunque la fecha tiene ra\u00edces hist\u00f3ricas y religiosas, su impacto actual va mucho m\u00e1s all\u00e1 de lo rom\u00e1ntico. San Valent\u00edn se ha\u2026","rel":"","context":"En \u00abEventos\u00bb","block_context":{"text":"Eventos","link":"https:\/\/eatliftlive.com\/es_es\/category\/eventos\/"},"img":{"alt_text":"","src":"https:\/\/i0.wp.com\/eatliftlive.com\/wp-content\/uploads\/2026\/01\/corazon-manos.webp?fit=1200%2C658&ssl=1&resize=350%2C200","width":350,"height":200,"srcset":"https:\/\/i0.wp.com\/eatliftlive.com\/wp-content\/uploads\/2026\/01\/corazon-manos.webp?fit=1200%2C658&ssl=1&resize=350%2C200 1x, https:\/\/i0.wp.com\/eatliftlive.com\/wp-content\/uploads\/2026\/01\/corazon-manos.webp?fit=1200%2C658&ssl=1&resize=525%2C300 1.5x, https:\/\/i0.wp.com\/eatliftlive.com\/wp-content\/uploads\/2026\/01\/corazon-manos.webp?fit=1200%2C658&ssl=1&resize=700%2C400 2x, https:\/\/i0.wp.com\/eatliftlive.com\/wp-content\/uploads\/2026\/01\/corazon-manos.webp?fit=1200%2C658&ssl=1&resize=1050%2C600 3x"},"classes":[]},{"id":1750,"url":"https:\/\/eatliftlive.com\/es_es\/2026\/01\/08\/como-empezar-tu-pack-fitness-de-7-dias-sin-fallar-el-dia-1\/","url_meta":{"origin":1805,"position":5},"title":"C\u00f3mo empezar tu Pack Fitness de 7 D\u00edas sin fallar el D\u00eda 1","author":"Chef Owl","date":"8 de enero de 2026","format":false,"excerpt":"\ud83d\udd25 C\u00f3mo empezar tu Pack Fitness de 7 D\u00edas sin fallar el D\u00eda 1 Empezar un plan de entrenamiento puede sentirse emocionante\u2026 y un poco intimidante. Queremos resultados, queremos recuperar energ\u00eda, queremos volver a sentirnos fuertes. Pero antes de llegar al D\u00eda 7, hay un paso que lo cambia todo:\u2026","rel":"","context":"En \u00abComunidad EatLiftLive\u00bb","block_context":{"text":"Comunidad EatLiftLive","link":"https:\/\/eatliftlive.com\/es_es\/category\/bienvenidos-a-eatliftlive\/"},"img":{"alt_text":"","src":"https:\/\/i0.wp.com\/eatliftlive.com\/wp-content\/uploads\/2026\/01\/portada-blog-entrada-pack-fitness.webp?fit=1200%2C686&ssl=1&resize=350%2C200","width":350,"height":200,"srcset":"https:\/\/i0.wp.com\/eatliftlive.com\/wp-content\/uploads\/2026\/01\/portada-blog-entrada-pack-fitness.webp?fit=1200%2C686&ssl=1&resize=350%2C200 1x, https:\/\/i0.wp.com\/eatliftlive.com\/wp-content\/uploads\/2026\/01\/portada-blog-entrada-pack-fitness.webp?fit=1200%2C686&ssl=1&resize=525%2C300 1.5x, https:\/\/i0.wp.com\/eatliftlive.com\/wp-content\/uploads\/2026\/01\/portada-blog-entrada-pack-fitness.webp?fit=1200%2C686&ssl=1&resize=700%2C400 2x, https:\/\/i0.wp.com\/eatliftlive.com\/wp-content\/uploads\/2026\/01\/portada-blog-entrada-pack-fitness.webp?fit=1200%2C686&ssl=1&resize=1050%2C600 3x"},"classes":[]}],"_links":{"self":[{"href":"https:\/\/eatliftlive.com\/es_es\/wp-json\/wp\/v2\/posts\/1805","targetHints":{"allow":["GET"]}}],"collection":[{"href":"https:\/\/eatliftlive.com\/es_es\/wp-json\/wp\/v2\/posts"}],"about":[{"href":"https:\/\/eatliftlive.com\/es_es\/wp-json\/wp\/v2\/types\/post"}],"author":[{"embeddable":true,"href":"https:\/\/eatliftlive.com\/es_es\/wp-json\/wp\/v2\/users\/271924636"}],"replies":[{"embeddable":true,"href":"https:\/\/eatliftlive.com\/es_es\/wp-json\/wp\/v2\/comments?post=1805"}],"version-history":[{"count":9,"href":"https:\/\/eatliftlive.com\/es_es\/wp-json\/wp\/v2\/posts\/1805\/revisions"}],"predecessor-version":[{"id":1814,"href":"https:\/\/eatliftlive.com\/es_es\/wp-json\/wp\/v2\/posts\/1805\/revisions\/1814"}],"wp:featuredmedia":[{"embeddable":true,"href":"https:\/\/eatliftlive.com\/es_es\/wp-json\/wp\/v2\/media\/1815"}],"wp:attachment":[{"href":"https:\/\/eatliftlive.com\/es_es\/wp-json\/wp\/v2\/media?parent=1805"}],"wp:term":[{"taxonomy":"category","embeddable":true,"href":"https:\/\/eatliftlive.com\/es_es\/wp-json\/wp\/v2\/categories?post=1805"},{"taxonomy":"post_tag","embeddable":true,"href":"https:\/\/eatliftlive.com\/es_es\/wp-json\/wp\/v2\/tags?post=1805"}],"curies":[{"name":"wp","href":"https:\/\/api.w.org\/{rel}","templated":true}]}}