{"id":2430,"date":"2026-06-21T22:32:10","date_gmt":"2026-06-21T20:32:10","guid":{"rendered":"https:\/\/eatliftlive.com\/?p=2430"},"modified":"2026-06-21T22:32:15","modified_gmt":"2026-06-21T20:32:15","slug":"%e2%9c%a8-los-mititei-una-historia-antigua-que-viaja-hacia-mallorca","status":"publish","type":"post","link":"https:\/\/eatliftlive.com\/es_es\/2026\/06\/21\/%e2%9c%a8-los-mititei-una-historia-antigua-que-viaja-hacia-mallorca\/","title":{"rendered":"\u2728 Los &#8216;mititei&#8217;: una historia antigua que viaja hacia Mallorca"},"content":{"rendered":"\n<p>Hay recetas que no solo alimentan: <strong>cuentan qui\u00e9nes fuimos, qui\u00e9nes somos y qu\u00e9 llevamos en la sangre<\/strong>. Entre ellas, una destaca por su humildad, su car\u00e1cter y su capacidad casi m\u00e1gica de conquistar a cualquiera que la pruebe: los <strong>mititei<\/strong>, esos peque\u00f1os cilindros de carne especiada que nacieron hace siglos en las tabernas rumanas, bajo el humo de la brasa y el murmullo de historias compartidas.<\/p>\n<p>La leyenda dice que los primeros <em>mititei<\/em> surgieron cuando un tabernero de Bucarest se qued\u00f3 sin tripas para embutir sus salchichas. Improvis\u00f3. Mezcl\u00f3 carne, ajo, tomillo, pimienta, bicarbonato y un secreto que solo la tradici\u00f3n conoce. Los puso directamente sobre el fuego. Y as\u00ed, sin querer, cre\u00f3 un s\u00edmbolo nacional.<\/p>\n<p>Desde entonces, los <em>mititei<\/em> no son solo comida: <strong>son identidad, celebraci\u00f3n, domingo en familia, cerveza fr\u00eda, risas y manos que huelen a mostaza.<\/strong><\/p>\n<div class=\"text-center\"><div class=\"is-divider divider clearfix\" style=\"max-width:250px;\"><\/div><\/div>\n\n<div class=\"row row-collapse row-full-width align-middle\"  id=\"row-1508285138\">\n\n\n\t<div id=\"col-1143240463\" class=\"col medium-6 small-12 large-6\"  >\n\t\t\t\t<div class=\"col-inner\"  >\n\t\t\t\n\t\t\t\n\n\t<div class=\"img has-hover x md-x lg-x y md-y lg-y\" id=\"image_220665394\">\n\t\t\t\t\t\t\t\t<div class=\"img-inner dark\" >\n\t\t\t<img loading=\"lazy\" decoding=\"async\" width=\"640\" height=\"800\" src=\"https:\/\/i0.wp.com\/eatliftlive.com\/wp-content\/uploads\/2026\/06\/mititei-1-2-768x960-1.jpg?fit=640%2C800&amp;ssl=1\" class=\"attachment-large size-large\" alt=\"\" srcset=\"https:\/\/i0.wp.com\/eatliftlive.com\/wp-content\/uploads\/2026\/06\/mititei-1-2-768x960-1.jpg?w=768&amp;ssl=1 768w, https:\/\/i0.wp.com\/eatliftlive.com\/wp-content\/uploads\/2026\/06\/mititei-1-2-768x960-1.jpg?resize=320%2C400&amp;ssl=1 320w, https:\/\/i0.wp.com\/eatliftlive.com\/wp-content\/uploads\/2026\/06\/mititei-1-2-768x960-1.jpg?resize=640%2C800&amp;ssl=1 640w, https:\/\/i0.wp.com\/eatliftlive.com\/wp-content\/uploads\/2026\/06\/mititei-1-2-768x960-1.jpg?resize=10%2C12&amp;ssl=1 10w, https:\/\/i0.wp.com\/eatliftlive.com\/wp-content\/uploads\/2026\/06\/mititei-1-2-768x960-1.jpg?resize=600%2C750&amp;ssl=1 600w\" sizes=\"auto, (max-width: 640px) 100vw, 640px\" data-attachment-id=\"2437\" data-permalink=\"https:\/\/eatliftlive.com\/es_es\/2026\/06\/21\/%e2%9c%a8-los-mititei-una-historia-antigua-que-viaja-hacia-mallorca\/mititei-1-2-768x960\/#main\" data-orig-file=\"https:\/\/i0.wp.com\/eatliftlive.com\/wp-content\/uploads\/2026\/06\/mititei-1-2-768x960-1.jpg?fit=768%2C960&amp;ssl=1\" data-orig-size=\"768,960\" data-comments-opened=\"0\" data-image-meta=\"{&quot;aperture&quot;:&quot;0&quot;,&quot;credit&quot;:&quot;&quot;,&quot;camera&quot;:&quot;&quot;,&quot;caption&quot;:&quot;&quot;,&quot;created_timestamp&quot;:&quot;0&quot;,&quot;copyright&quot;:&quot;&quot;,&quot;focal_length&quot;:&quot;0&quot;,&quot;iso&quot;:&quot;0&quot;,&quot;shutter_speed&quot;:&quot;0&quot;,&quot;title&quot;:&quot;&quot;,&quot;orientation&quot;:&quot;0&quot;,&quot;alt&quot;:&quot;&quot;}\" data-image-title=\"mititei-1-2-768&amp;#215;960\" data-image-description=\"\" data-image-caption=\"\" data-large-file=\"https:\/\/i0.wp.com\/eatliftlive.com\/wp-content\/uploads\/2026\/06\/mititei-1-2-768x960-1.jpg?fit=640%2C800&amp;ssl=1\" \/>\t\t\t\t\t\t\n\t\t\t\t\t<\/div>\n\t\t\t\t\t\t\t\t\n<style>\n#image_220665394 {\n  width: 100%;\n}\n<\/style>\n\t<\/div>\n\t\n\n\n\t\t<\/div>\n\t\t\t\t\t<\/div>\n\n\t\n\n\t<div id=\"col-751102907\" class=\"col medium-6 small-12 large-6\"  >\n\t\t\t\t<div class=\"col-inner\"  >\n\t\t\t\n\t\t\t\n\n<h2><strong>Un sabor que no falla<\/strong><\/h2>\n<p>He visto muchas cosas en mi vida, pero hay una que todav\u00eda no ha ocurrido: <strong>no he encontrado un solo extranjero que pruebe los mititei y no sonr\u00eda despu\u00e9s del primer bocado.<\/strong><\/p>\n<p>Es casi un ritual:<\/p>\n<ul role=\"list\">\n<li>\n<p>Primero, la sorpresa por el aroma.<\/p>\n<\/li>\n<li>\n<p>Luego, el mordisco que confirma que la carne es jugosa, intensa, viva.<\/p>\n<\/li>\n<li>\n<p>Despu\u00e9s, la mirada c\u00f3mplice: <em>\u201c\u00bfC\u00f3mo no conoc\u00eda esto antes?\u201d<\/em><\/p>\n<\/li>\n<li>\n<p>Y finalmente, la pregunta inevitable: <em>\u201c\u00bfPuedo repetir?\u201d<\/em><\/p>\n<\/li>\n<\/ul>\n<p>Los mititei tienen esa cualidad rara: <strong>son ex\u00f3ticos sin ser extra\u00f1os, familiares sin ser comunes.<\/strong> Hablan un idioma universal: el del fuego, la carne y la tradici\u00f3n.<\/p>\n\n\t\t<\/div>\n\t\t\t\t\n<style>\n#col-751102907 > .col-inner {\n  padding: 5% 5% 5% 5%;\n  max-width: 520px;\n}\n<\/style>\n\t<\/div>\n\n\t\n\n<\/div>\n<div class=\"text-center\"><div class=\"is-divider divider clearfix\" style=\"max-width:250px;\"><\/div><\/div>\n\n<h2><strong>\u00bfY si los mititei llegan a Mallorca?<\/strong><\/h2>\n<p>Mallorca es un lugar donde los sabores viajan, se mezclan y encuentran su sitio. Aqu\u00ed conviven el turista curioso, el residente que ama la isla y el viajero que busca autenticidad. Y en ese escenario, uno no puede evitar imaginarlo:<\/p>\n<p><strong>Una brasa encendida en un mercado de Palma.<\/strong> <strong>El aroma del ajo y el tomillo flotando entre los puestos.<\/strong> <strong>Un turista alem\u00e1n que se detiene.<\/strong> <strong>Una pareja inglesa que pregunta qu\u00e9 es ese olor.<\/strong> <strong>Un mallorqu\u00edn que dice \u201caix\u00f2 fa bona pinta\u201d.<\/strong><\/p>\n<p>El primer bocado ser\u00e1 revelaci\u00f3n. El segundo, confirmaci\u00f3n. El tercero, tradici\u00f3n adoptada.<\/p>\n<p>Porque si algo s\u00e9, es esto: <strong>cuando los mititei lleguen a Mallorca, no ser\u00e1n un producto rumano\u2026 ser\u00e1n un nuevo cl\u00e1sico de la isla.<\/strong><\/p>\n<p>Los turistas los buscar\u00e1n como buscan una ensaimada. Los residentes los recomendar\u00e1n como recomiendan un buen pa amb oli. Y t\u00fa ver\u00e1s c\u00f3mo una receta nacida hace siglos en una taberna de Bucarest encuentra un hogar nuevo, c\u00e1lido y mediterr\u00e1neo.<\/p>\n<div class=\"text-center\"><div class=\"is-divider divider clearfix\" style=\"max-width:250px;\"><\/div><\/div>\n\n<div class=\"row row-collapse row-full-width align-middle\"  id=\"row-5833341\">\n\n\n\t<div id=\"col-1016142745\" class=\"col medium-6 small-12 large-6\"  >\n\t\t\t\t<div class=\"col-inner\"  >\n\t\t\t\n\t\t\t\n\n<h2>Mallorca est\u00e1 lista.<\/h2>\n<p>Los mititei tambi\u00e9n.<\/p>\n<p>Solo falta encender la brasa.<\/p>\n\n\t\t<\/div>\n\t\t\t\t\n<style>\n#col-1016142745 > .col-inner {\n  padding: 5% 5% 5% 5%;\n  max-width: 520px;\n}\n<\/style>\n\t<\/div>\n\n\t\n\n\t<div id=\"col-1759164124\" class=\"col medium-6 small-12 large-6\"  >\n\t\t\t\t<div class=\"col-inner\"  >\n\t\t\t\n\t\t\t\n\n\t<div class=\"img has-hover x md-x lg-x y md-y lg-y\" id=\"image_2037656711\">\n\t\t\t\t\t\t\t\t<div class=\"img-inner dark\" >\n\t\t\t<img loading=\"lazy\" decoding=\"async\" width=\"280\" height=\"280\" src=\"https:\/\/i0.wp.com\/eatliftlive.com\/wp-content\/uploads\/2026\/06\/1000_F_507883018_4dxem2FGiMZiqoXNwEzDHYBEBSGtzc7G.jpg?resize=280%2C280&amp;ssl=1\" class=\"attachment-thumbnail size-thumbnail\" alt=\"\" srcset=\"https:\/\/i0.wp.com\/eatliftlive.com\/wp-content\/uploads\/2026\/06\/1000_F_507883018_4dxem2FGiMZiqoXNwEzDHYBEBSGtzc7G.jpg?resize=100%2C100&amp;ssl=1 100w, https:\/\/i0.wp.com\/eatliftlive.com\/wp-content\/uploads\/2026\/06\/1000_F_507883018_4dxem2FGiMZiqoXNwEzDHYBEBSGtzc7G.jpg?zoom=2&amp;resize=280%2C280&amp;ssl=1 560w, https:\/\/i0.wp.com\/eatliftlive.com\/wp-content\/uploads\/2026\/06\/1000_F_507883018_4dxem2FGiMZiqoXNwEzDHYBEBSGtzc7G.jpg?zoom=3&amp;resize=280%2C280&amp;ssl=1 840w\" sizes=\"auto, (max-width: 280px) 100vw, 280px\" data-attachment-id=\"2431\" data-permalink=\"https:\/\/eatliftlive.com\/es_es\/2026\/06\/21\/%e2%9c%a8-los-mititei-una-historia-antigua-que-viaja-hacia-mallorca\/1000_f_507883018_4dxem2fgimziqoxnwezdhybebsgtzc7g\/#main\" data-orig-file=\"https:\/\/i0.wp.com\/eatliftlive.com\/wp-content\/uploads\/2026\/06\/1000_F_507883018_4dxem2FGiMZiqoXNwEzDHYBEBSGtzc7G.jpg?fit=1000%2C667&amp;ssl=1\" data-orig-size=\"1000,667\" data-comments-opened=\"0\" data-image-meta=\"{&quot;aperture&quot;:&quot;0&quot;,&quot;credit&quot;:&quot;&quot;,&quot;camera&quot;:&quot;&quot;,&quot;caption&quot;:&quot;&quot;,&quot;created_timestamp&quot;:&quot;0&quot;,&quot;copyright&quot;:&quot;&quot;,&quot;focal_length&quot;:&quot;0&quot;,&quot;iso&quot;:&quot;0&quot;,&quot;shutter_speed&quot;:&quot;0&quot;,&quot;title&quot;:&quot;&quot;,&quot;orientation&quot;:&quot;0&quot;,&quot;alt&quot;:&quot;&quot;}\" data-image-title=\"1000_F_507883018_4dxem2FGiMZiqoXNwEzDHYBEBSGtzc7G\" data-image-description=\"\" data-image-caption=\"\" data-large-file=\"https:\/\/i0.wp.com\/eatliftlive.com\/wp-content\/uploads\/2026\/06\/1000_F_507883018_4dxem2FGiMZiqoXNwEzDHYBEBSGtzc7G.jpg?fit=1000%2C667&amp;ssl=1\" \/>\t\t\t\t\t\t\n\t\t\t\t\t<\/div>\n\t\t\t\t\t\t\t\t\n<style>\n#image_2037656711 {\n  width: 100%;\n}\n<\/style>\n\t<\/div>\n\t\n\n\n\t\t<\/div>\n\t\t\t\t\t<\/div>\n\n\t\n\n<\/div>\n<div class=\"text-center\"><div class=\"is-divider divider clearfix\" style=\"max-width:250px;\"><\/div><\/div>\n\n\n","protected":false},"excerpt":{"rendered":"","protected":false},"author":271924636,"featured_media":2431,"comment_status":"closed","ping_status":"open","sticky":false,"template":"","format":"standard","meta":{"om_disable_all_campaigns":false,"_jetpack_newsletter_access":"","_jetpack_dont_email_post_to_subs":false,"_jetpack_newsletter_tier_id":0,"_jetpack_memberships_contains_paywalled_content":false,"_wpcom_ai_launchpad_first_post":false,"_jetpack_feature_clip_id":0,"_jetpack_memberships_contains_paid_content":false,"footnotes":"","jetpack_publicize_message":"","jetpack_publicize_feature_enabled":true,"jetpack_social_post_already_shared":true,"jetpack_social_options":{"image_generator_settings":{"template":"highway","default_image_id":0,"font":"","enabled":false},"version":2},"jetpack_post_was_ever_published":false},"categories":[1416],"tags":[],"class_list":["post-2430","post","type-post","status-publish","format-standard","has-post-thumbnail","hentry","category-estilo-de-vida"],"jetpack_publicize_connections":[],"jetpack_sharing_enabled":true,"jetpack_shortlink":"https:\/\/wp.me\/pgPR8T-Dc","jetpack-related-posts":[{"id":2190,"url":"https:\/\/eatliftlive.com\/es_es\/2026\/02\/28\/%f0%9f%8c%9e-palma-en-fiesta-cuando-el-verano-se-sirve-en-bandeja-de-oro\/","url_meta":{"origin":2430,"position":0},"title":"\ud83c\udf1e Palma en fiesta: cuando el verano se sirve en bandeja de oro","author":"Chef Owl","date":"28 de febrero de 2026","format":false,"excerpt":"Hay d\u00edas en los que Palma no solo brilla: desborda vida. Dies de les Illes\u00a0 han vuelto a encender la ciudad, y este a\u00f1o lo han hecho con una intensidad casi mediterr\u00e1neamente exagerada: luz perfecta, brisa suave, aromas que se mezclan en el aire como si compitieran por tu atenci\u00f3n,\u2026","rel":"","context":"En \u00abEventos\u00bb","block_context":{"text":"Eventos","link":"https:\/\/eatliftlive.com\/es_es\/category\/eventos\/"},"img":{"alt_text":"","src":"https:\/\/i0.wp.com\/eatliftlive.com\/wp-content\/uploads\/2026\/02\/IMG_1092.webp?fit=1200%2C900&ssl=1&resize=350%2C200","width":350,"height":200,"srcset":"https:\/\/i0.wp.com\/eatliftlive.com\/wp-content\/uploads\/2026\/02\/IMG_1092.webp?fit=1200%2C900&ssl=1&resize=350%2C200 1x, https:\/\/i0.wp.com\/eatliftlive.com\/wp-content\/uploads\/2026\/02\/IMG_1092.webp?fit=1200%2C900&ssl=1&resize=525%2C300 1.5x, https:\/\/i0.wp.com\/eatliftlive.com\/wp-content\/uploads\/2026\/02\/IMG_1092.webp?fit=1200%2C900&ssl=1&resize=700%2C400 2x, https:\/\/i0.wp.com\/eatliftlive.com\/wp-content\/uploads\/2026\/02\/IMG_1092.webp?fit=1200%2C900&ssl=1&resize=1050%2C600 3x"},"classes":[]},{"id":2080,"url":"https:\/\/eatliftlive.com\/es_es\/2026\/02\/14\/%f0%9f%92%9dsan-valentin-cuando-el-amor-se-sirve-en-la-mesa-y-se-celebra-en-todas-las-culturas\/","url_meta":{"origin":2430,"position":1},"title":"\ud83d\udc9dSan Valent\u00edn: cuando el amor se sirve en la mesa y se celebra en todas las culturas","author":"Chef Owl","date":"14 de febrero de 2026","format":false,"excerpt":"Cada 14 de febrero, el mundo entero parece detenerse un instante para rendir homenaje a un sentimiento tan antiguo como la humanidad: el amor. Lo curioso es que, aunque la fecha tiene ra\u00edces hist\u00f3ricas y religiosas, su impacto actual va mucho m\u00e1s all\u00e1 de lo rom\u00e1ntico. San Valent\u00edn se ha\u2026","rel":"","context":"En \u00abEventos\u00bb","block_context":{"text":"Eventos","link":"https:\/\/eatliftlive.com\/es_es\/category\/eventos\/"},"img":{"alt_text":"","src":"https:\/\/i0.wp.com\/eatliftlive.com\/wp-content\/uploads\/2026\/01\/corazon-manos.webp?fit=1200%2C658&ssl=1&resize=350%2C200","width":350,"height":200,"srcset":"https:\/\/i0.wp.com\/eatliftlive.com\/wp-content\/uploads\/2026\/01\/corazon-manos.webp?fit=1200%2C658&ssl=1&resize=350%2C200 1x, https:\/\/i0.wp.com\/eatliftlive.com\/wp-content\/uploads\/2026\/01\/corazon-manos.webp?fit=1200%2C658&ssl=1&resize=525%2C300 1.5x, https:\/\/i0.wp.com\/eatliftlive.com\/wp-content\/uploads\/2026\/01\/corazon-manos.webp?fit=1200%2C658&ssl=1&resize=700%2C400 2x, https:\/\/i0.wp.com\/eatliftlive.com\/wp-content\/uploads\/2026\/01\/corazon-manos.webp?fit=1200%2C658&ssl=1&resize=1050%2C600 3x"},"classes":[]},{"id":2176,"url":"https:\/\/eatliftlive.com\/es_es\/2026\/02\/26\/%f0%9f%8c%85-un-puerto-que-te-cambia-el-pulso\/","url_meta":{"origin":2430,"position":2},"title":"\ud83c\udf05 Un puerto que te cambia el pulso","author":"Chef Owl","date":"26 de febrero de 2026","format":false,"excerpt":"La bah\u00eda del Puerto de S\u00f3ller tiene esa forma de media luna que parece dise\u00f1ada para sostenerte. El Mediterr\u00e1neo entra suave, sin prisa, como si supiera que aqu\u00ed la vida se mastica m\u00e1s despacio. El aroma a c\u00edtricos baja desde el valle, mezcl\u00e1ndose con el olor a pescado reci\u00e9n descargado,\u2026","rel":"","context":"En \u00abEstilo de vida\u00bb","block_context":{"text":"Estilo de vida","link":"https:\/\/eatliftlive.com\/es_es\/category\/estilo-de-vida\/"},"img":{"alt_text":"","src":"https:\/\/i0.wp.com\/eatliftlive.com\/wp-content\/uploads\/2026\/02\/IMG_1056-1.jpg?fit=1200%2C359&ssl=1&resize=350%2C200","width":350,"height":200,"srcset":"https:\/\/i0.wp.com\/eatliftlive.com\/wp-content\/uploads\/2026\/02\/IMG_1056-1.jpg?fit=1200%2C359&ssl=1&resize=350%2C200 1x, https:\/\/i0.wp.com\/eatliftlive.com\/wp-content\/uploads\/2026\/02\/IMG_1056-1.jpg?fit=1200%2C359&ssl=1&resize=525%2C300 1.5x, https:\/\/i0.wp.com\/eatliftlive.com\/wp-content\/uploads\/2026\/02\/IMG_1056-1.jpg?fit=1200%2C359&ssl=1&resize=700%2C400 2x, https:\/\/i0.wp.com\/eatliftlive.com\/wp-content\/uploads\/2026\/02\/IMG_1056-1.jpg?fit=1200%2C359&ssl=1&resize=1050%2C600 3x"},"classes":[]},{"id":2320,"url":"https:\/\/eatliftlive.com\/es_es\/2026\/04\/26\/cuando-el-cuerpo-habla-en-silencio-el-origen-de-un-sensor-que-quiere-evitar-lesiones-antes-de-que-ocurran\/","url_meta":{"origin":2430,"position":3},"title":"Cuando el cuerpo habla en silencio: el origen de un sensor que quiere evitar lesiones antes de que ocurran","author":"Chef Owl","date":"26 de abril de 2026","format":false,"excerpt":"Hay lesiones que no solo rompen un menisco. Rompen una forma de entender el cuerpo. La m\u00eda ocurri\u00f3 hace tres a\u00f1os. Un giro, un chasquido, un dolor que no ped\u00eda permiso. Y despu\u00e9s, el silencio. Ese silencio inc\u00f3modo donde uno se pregunta: \u201c\u00bfC\u00f3mo no lo vi venir?\u201d Entrenaba bien. Me\u2026","rel":"","context":"En \u00abComunidad EatLiftLive\u00bb","block_context":{"text":"Comunidad EatLiftLive","link":"https:\/\/eatliftlive.com\/es_es\/category\/bienvenidos-a-eatliftlive\/"},"img":{"alt_text":"","src":"https:\/\/i0.wp.com\/eatliftlive.com\/wp-content\/uploads\/2026\/04\/sensor-img.png?fit=1200%2C684&ssl=1&resize=350%2C200","width":350,"height":200,"srcset":"https:\/\/i0.wp.com\/eatliftlive.com\/wp-content\/uploads\/2026\/04\/sensor-img.png?fit=1200%2C684&ssl=1&resize=350%2C200 1x, https:\/\/i0.wp.com\/eatliftlive.com\/wp-content\/uploads\/2026\/04\/sensor-img.png?fit=1200%2C684&ssl=1&resize=525%2C300 1.5x, https:\/\/i0.wp.com\/eatliftlive.com\/wp-content\/uploads\/2026\/04\/sensor-img.png?fit=1200%2C684&ssl=1&resize=700%2C400 2x, https:\/\/i0.wp.com\/eatliftlive.com\/wp-content\/uploads\/2026\/04\/sensor-img.png?fit=1200%2C684&ssl=1&resize=1050%2C600 3x"},"classes":[]},{"id":662,"url":"https:\/\/eatliftlive.com\/es_es\/2025\/11\/02\/%f0%9f%aa%ab-como-sostener-la-creatividad-cuando-no-tienes-ganas\/","url_meta":{"origin":2430,"position":4},"title":"\ud83e\udeab C\u00f3mo sostener la creatividad cuando no tienes ganas","author":"Chef Owl","date":"2 de noviembre de 2025","format":false,"excerpt":"Por EatLiftLive\u00ae \u2014 9 Noviembre 2025 Hay d\u00edas en los que no fluye. \u00a0 No hay ideas, no hay energ\u00eda, no hay ganas. \u00a0 Y sin embargo, la creatividad no siempre necesita entusiasmo. \u00a0 A veces solo necesita espacio. La presi\u00f3n de estar siempre inspirado En redes, parece que la\u2026","rel":"","context":"En \u00abComunidad EatLiftLive\u00bb","block_context":{"text":"Comunidad EatLiftLive","link":"https:\/\/eatliftlive.com\/es_es\/category\/bienvenidos-a-eatliftlive\/"},"img":{"alt_text":"","src":"https:\/\/i0.wp.com\/eatliftlive.com\/wp-content\/uploads\/2025\/11\/una-imagen-para_-Como-sostener-la-creatividad-cuando-no-tienes-ganas.jpg?fit=1200%2C672&ssl=1&resize=350%2C200","width":350,"height":200,"srcset":"https:\/\/i0.wp.com\/eatliftlive.com\/wp-content\/uploads\/2025\/11\/una-imagen-para_-Como-sostener-la-creatividad-cuando-no-tienes-ganas.jpg?fit=1200%2C672&ssl=1&resize=350%2C200 1x, https:\/\/i0.wp.com\/eatliftlive.com\/wp-content\/uploads\/2025\/11\/una-imagen-para_-Como-sostener-la-creatividad-cuando-no-tienes-ganas.jpg?fit=1200%2C672&ssl=1&resize=525%2C300 1.5x, https:\/\/i0.wp.com\/eatliftlive.com\/wp-content\/uploads\/2025\/11\/una-imagen-para_-Como-sostener-la-creatividad-cuando-no-tienes-ganas.jpg?fit=1200%2C672&ssl=1&resize=700%2C400 2x, https:\/\/i0.wp.com\/eatliftlive.com\/wp-content\/uploads\/2025\/11\/una-imagen-para_-Como-sostener-la-creatividad-cuando-no-tienes-ganas.jpg?fit=1200%2C672&ssl=1&resize=1050%2C600 3x"},"classes":[]},{"id":1882,"url":"https:\/\/eatliftlive.com\/es_es\/2026\/01\/24\/%f0%9f%8c%bf-como-empezar-a-construir-tu-proyecto-personal-5-habitos-base\/","url_meta":{"origin":2430,"position":5},"title":"\ud83c\udf3f C\u00f3mo empezar a construir tu proyecto personal: 5 h\u00e1bitos base","author":"Chef Owl","date":"24 de enero de 2026","format":false,"excerpt":"Cuando entiendes que tu vida es tu proyecto m\u00e1s importante, aparece una pregunta inevitable: \u00bfpor d\u00f3nde empiezo? No hace falta reinventarte, ni cambiarlo todo de golpe, ni esperar a que llegue \u201cel momento perfecto\u201d. Lo que necesitas es una base s\u00f3lida: h\u00e1bitos simples, sostenibles y realistas que te acompa\u00f1en cada\u2026","rel":"","context":"En \u00abEstilo de vida\u00bb","block_context":{"text":"Estilo de vida","link":"https:\/\/eatliftlive.com\/es_es\/category\/estilo-de-vida\/"},"img":{"alt_text":"","src":"https:\/\/i0.wp.com\/eatliftlive.com\/wp-content\/uploads\/2026\/01\/Como-empezar-a-construir-tu-proyecto-personal_-5-habitos-base.webp?fit=1200%2C672&ssl=1&resize=350%2C200","width":350,"height":200,"srcset":"https:\/\/i0.wp.com\/eatliftlive.com\/wp-content\/uploads\/2026\/01\/Como-empezar-a-construir-tu-proyecto-personal_-5-habitos-base.webp?fit=1200%2C672&ssl=1&resize=350%2C200 1x, https:\/\/i0.wp.com\/eatliftlive.com\/wp-content\/uploads\/2026\/01\/Como-empezar-a-construir-tu-proyecto-personal_-5-habitos-base.webp?fit=1200%2C672&ssl=1&resize=525%2C300 1.5x, https:\/\/i0.wp.com\/eatliftlive.com\/wp-content\/uploads\/2026\/01\/Como-empezar-a-construir-tu-proyecto-personal_-5-habitos-base.webp?fit=1200%2C672&ssl=1&resize=700%2C400 2x, https:\/\/i0.wp.com\/eatliftlive.com\/wp-content\/uploads\/2026\/01\/Como-empezar-a-construir-tu-proyecto-personal_-5-habitos-base.webp?fit=1200%2C672&ssl=1&resize=1050%2C600 3x"},"classes":[]}],"jetpack_featured_media_url":"https:\/\/i0.wp.com\/eatliftlive.com\/wp-content\/uploads\/2026\/06\/1000_F_507883018_4dxem2FGiMZiqoXNwEzDHYBEBSGtzc7G.jpg?fit=1000%2C667&ssl=1","_links":{"self":[{"href":"https:\/\/eatliftlive.com\/es_es\/wp-json\/wp\/v2\/posts\/2430","targetHints":{"allow":["GET"]}}],"collection":[{"href":"https:\/\/eatliftlive.com\/es_es\/wp-json\/wp\/v2\/posts"}],"about":[{"href":"https:\/\/eatliftlive.com\/es_es\/wp-json\/wp\/v2\/types\/post"}],"author":[{"embeddable":true,"href":"https:\/\/eatliftlive.com\/es_es\/wp-json\/wp\/v2\/users\/271924636"}],"replies":[{"embeddable":true,"href":"https:\/\/eatliftlive.com\/es_es\/wp-json\/wp\/v2\/comments?post=2430"}],"version-history":[{"count":8,"href":"https:\/\/eatliftlive.com\/es_es\/wp-json\/wp\/v2\/posts\/2430\/revisions"}],"predecessor-version":[{"id":2440,"href":"https:\/\/eatliftlive.com\/es_es\/wp-json\/wp\/v2\/posts\/2430\/revisions\/2440"}],"wp:featuredmedia":[{"embeddable":true,"href":"https:\/\/eatliftlive.com\/es_es\/wp-json\/wp\/v2\/media\/2431"}],"wp:attachment":[{"href":"https:\/\/eatliftlive.com\/es_es\/wp-json\/wp\/v2\/media?parent=2430"}],"wp:term":[{"taxonomy":"category","embeddable":true,"href":"https:\/\/eatliftlive.com\/es_es\/wp-json\/wp\/v2\/categories?post=2430"},{"taxonomy":"post_tag","embeddable":true,"href":"https:\/\/eatliftlive.com\/es_es\/wp-json\/wp\/v2\/tags?post=2430"}],"curies":[{"name":"wp","href":"https:\/\/api.w.org\/{rel}","templated":true}]}}